{"id":12739,"date":"2026-04-16T10:48:33","date_gmt":"2026-04-16T08:48:33","guid":{"rendered":"https:\/\/kultura-mostar.ba\/?p=12739"},"modified":"2026-04-22T18:31:30","modified_gmt":"2026-04-22T16:31:30","slug":"sajamski-nastup-grada-mostara-u-znaku-tradicije-i-platforme-dont-miss-herzegovina","status":"publish","type":"post","link":"https:\/\/kultura-mostar.ba\/en\/2026\/04\/16\/predlozak-klonirati-2\/","title":{"rendered":"Fair appearance of the City of Mostar in the tradition and platform &quot;Don&#039;t Miss Herzegovina&quot;"},"content":{"rendered":"<div data-elementor-type=\"wp-post\" data-elementor-id=\"12739\" class=\"elementor elementor-12739\" data-elementor-settings=\"{&quot;element_pack_global_tooltip_width&quot;:{&quot;unit&quot;:&quot;px&quot;,&quot;size&quot;:&quot;&quot;,&quot;sizes&quot;:[]},&quot;element_pack_global_tooltip_width_tablet&quot;:{&quot;unit&quot;:&quot;px&quot;,&quot;size&quot;:&quot;&quot;,&quot;sizes&quot;:[]},&quot;element_pack_global_tooltip_width_mobile&quot;:{&quot;unit&quot;:&quot;px&quot;,&quot;size&quot;:&quot;&quot;,&quot;sizes&quot;:[]},&quot;element_pack_global_tooltip_padding&quot;:{&quot;unit&quot;:&quot;px&quot;,&quot;top&quot;:&quot;&quot;,&quot;right&quot;:&quot;&quot;,&quot;bottom&quot;:&quot;&quot;,&quot;left&quot;:&quot;&quot;,&quot;isLinked&quot;:true},&quot;element_pack_global_tooltip_padding_tablet&quot;:{&quot;unit&quot;:&quot;px&quot;,&quot;top&quot;:&quot;&quot;,&quot;right&quot;:&quot;&quot;,&quot;bottom&quot;:&quot;&quot;,&quot;left&quot;:&quot;&quot;,&quot;isLinked&quot;:true},&quot;element_pack_global_tooltip_padding_mobile&quot;:{&quot;unit&quot;:&quot;px&quot;,&quot;top&quot;:&quot;&quot;,&quot;right&quot;:&quot;&quot;,&quot;bottom&quot;:&quot;&quot;,&quot;left&quot;:&quot;&quot;,&quot;isLinked&quot;:true},&quot;element_pack_global_tooltip_border_radius&quot;:{&quot;unit&quot;:&quot;px&quot;,&quot;top&quot;:&quot;&quot;,&quot;right&quot;:&quot;&quot;,&quot;bottom&quot;:&quot;&quot;,&quot;left&quot;:&quot;&quot;,&quot;isLinked&quot;:true},&quot;element_pack_global_tooltip_border_radius_tablet&quot;:{&quot;unit&quot;:&quot;px&quot;,&quot;top&quot;:&quot;&quot;,&quot;right&quot;:&quot;&quot;,&quot;bottom&quot;:&quot;&quot;,&quot;left&quot;:&quot;&quot;,&quot;isLinked&quot;:true},&quot;element_pack_global_tooltip_border_radius_mobile&quot;:{&quot;unit&quot;:&quot;px&quot;,&quot;top&quot;:&quot;&quot;,&quot;right&quot;:&quot;&quot;,&quot;bottom&quot;:&quot;&quot;,&quot;left&quot;:&quot;&quot;,&quot;isLinked&quot;:true}}\" data-elementor-post-type=\"post\">\n\t\t\t\t<div class=\"elementor-element elementor-element-2ec0146 e-con-full e-flex e-con e-parent\" data-id=\"2ec0146\" data-element_type=\"container\">\n\t\t<div class=\"elementor-element elementor-element-69cf467 e-con-full e-flex e-con e-child\" data-id=\"69cf467\" data-element_type=\"container\">\n\t\t\t\t<div class=\"elementor-element elementor-element-baa46aa elementor-widget elementor-widget-text-editor\" data-id=\"baa46aa\" data-element_type=\"widget\" data-widget_type=\"text-editor.default\">\n\t\t\t\t<div class=\"elementor-widget-container\">\n\t\t\t\t\t\t\t<p>The City of Mostar successfully presents itself at the International Economic Fair Mostar<br \/>2026, which will take place from April 14th to 18th, through a rich and eventful program<br \/>focused on promoting cultural heritage, tradition and modern tourism tools<br \/>Herzegovina.<br \/>In a joint effort of the City of Mostar and the Tourist Board of the City of Mostar,<br \/>special emphasis is placed on the authenticity and preservation of cultural and historical<br \/>heritage. The fair stand was profiled as an experience space in which visitors have<br \/>opportunity to get to know the traditional clothing of Herzegovina, see handicrafts and realize<br \/>direct interaction with cultural heritage bearers.<br \/>On the very first day of the fair, as part of the opening ceremony, special attention was drawn to<br \/>members of the HKUD &quot;Sv. Ante \u2013 Cim&quot; and the KUD Bijelo Polje from Mostar, whose performances and<br \/>Traditional costumes contributed to the authentic atmosphere and recognizable visual<br \/>the identity of the stand.<br \/>The central part of the program so far was realized on Wednesday, April 15th in Pavilion 2,<br \/>where a thematic panel dedicated to contemporary approaches to promotion was held<br \/>destinations. The &quot;Don&#039;t Miss Herzegovina&quot; platform was presented, presented by<br \/>an international expert on sustainable development and an American writer and travel writer<br \/>with a long-standing focus on the Balkans and Herzegovina, Tim Clancy. He is joined by<br \/>Mirna Jel\u010di\u0107, author, editor and content curator, also participated.<br \/>The &quot;Don&#039;t Miss Herzegovina&quot; platform has generated significant interest from the audience as<br \/>an innovative concept that goes beyond classic tourist guides. Instead of standard<br \/>recommendation, the platform interprets Herzegovina through authentic stories, people, wine,<\/p><p>address Bulevar narodne revolucije 15, 88000 Mostar Bosnia and Herzegovina<\/p><p>tel. +387 36 844 568; +387 36 844 569<br \/>e-mail info@exploremostar.ba website exploremostar.ba<\/p><p>gastronomy and everyday life, with an emphasis on a deeper understanding of space and<br \/>culture of living.<br \/>On the same day, an interactive workshop on traditional embroidery and weaving was held, in<br \/>organized by the HKUD &quot;Sv. Ante - Cim&quot; Mostar (Zlatovez section) and the Vrba Women&#039;s Association.<br \/>The workshop attracted a large number of visitors of all ages, who had the opportunity to meet<br \/>basic handwork techniques, participate in the creation of your own works and experience them firsthand<br \/>experience the richness of intangible cultural heritage.<br \/>Through all the activities so far, it has been confirmed that tradition and cultural heritage can<br \/>successfully integrate into modern tourism trends, especially through digital platforms<br \/>such as &quot;Don&#039;t Miss Herzegovina&quot;, which offer a new way of interpreting the destination i<br \/>further contribute to its visibility.<br \/>The International Economic Fair Mostar 2026 continues today and tomorrow, and<br \/>The stand of the City of Mostar and the Tourist Board of the City of Mostar is still open to everyone<br \/>visitors who want to experience a blend of tradition, identity and a modern approach<br \/>representing Herzegovina.<br \/>*For more information, please visit the official website and social networks of the City Tourist Board.<br \/>Mostar.<\/p><p>Add text<\/p>\t\t\t\t\t\t<\/div>\n\t\t\t\t<\/div>\n\t\t\t\t<\/div>\n\t\t<div class=\"elementor-element elementor-element-80d67f6 e-con-full e-flex e-con e-child\" data-id=\"80d67f6\" data-element_type=\"container\">\n\t\t\t\t<\/div>\n\t\t\t\t<\/div>\n\t\t<div class=\"elementor-element elementor-element-bec4c77 e-flex e-con-boxed e-con e-parent\" data-id=\"bec4c77\" data-element_type=\"container\">\n\t\t\t\t\t<div class=\"e-con-inner\">\n\t\t\t\t<div class=\"elementor-element elementor-element-69f84fb e-n-tabs-none elementor-widget__width-inherit elementor-widget-mobile__width-inherit elementor-widget elementor-widget-n-tabs\" data-id=\"69f84fb\" data-element_type=\"widget\" data-settings=\"{&quot;tabs_justify_horizontal_mobile&quot;:&quot;start&quot;,&quot;horizontal_scroll_mobile&quot;:&quot;enable&quot;,&quot;tabs_justify_horizontal&quot;:&quot;start&quot;,&quot;horizontal_scroll&quot;:&quot;disable&quot;}\" data-widget_type=\"nested-tabs.default\">\n\t\t\t\t<div class=\"elementor-widget-container\">\n\t\t\t\t\t<div class=\"e-n-tabs\" data-widget-number=\"111117563\" aria-label=\"Tabs. Open items with Enter or Space, close with Escape and navigate using the Arrow keys.\">\n\t\t\t<div class=\"e-n-tabs-heading\" role=\"tablist\">\n\t\t\t\t\t<button id=\"e-n-tab-title-1111175631\" class=\"e-n-tab-title\" aria-selected=\"true\" data-tab-index=\"1\" role=\"tab\" tabindex=\"0\" aria-controls=\"e-n-tab-content-1111175631\" style=\"--n-tabs-title-order: 1;\">\n\t\t\t\t\t<span class=\"e-n-tab-icon\">\n\t\t\t<svg aria-hidden=\"true\" class=\"e-font-icon-svg e-far-image\" viewbox=\"0 0 512 512\" xmlns=\"http:\/\/www.w3.org\/2000\/svg\"><path d=\"M464 64H48C21.49 64 0 85.49 0 112v288c0 26.51 21.49 48 48 48h416c26.51 0 48-21.49 48-48V112c0-26.51-21.49-48-48-48zm-6 336H54a6 6 0 0 1-6-6V118a6 6 0 0 1 6-6h404a6 6 0 0 1 6 6v276a6 6 0 0 1-6 6zM128 152c-22.091 0-40 17.909-40 40s17.909 40 40 40 40-17.909 40-40-17.909-40-40-40zM96 352h320v-80l-87.515-87.515c-4.686-4.686-12.284-4.686-16.971 0L192 304l-39.515-39.515c-4.686-4.686-12.284-4.686-16.971 0L96 304v48z\"><\/path><\/svg>\t\t\t<svg aria-hidden=\"true\" class=\"e-font-icon-svg e-far-image\" viewbox=\"0 0 512 512\" xmlns=\"http:\/\/www.w3.org\/2000\/svg\"><path d=\"M464 64H48C21.49 64 0 85.49 0 112v288c0 26.51 21.49 48 48 48h416c26.51 0 48-21.49 48-48V112c0-26.51-21.49-48-48-48zm-6 336H54a6 6 0 0 1-6-6V118a6 6 0 0 1 6-6h404a6 6 0 0 1 6 6v276a6 6 0 0 1-6 6zM128 152c-22.091 0-40 17.909-40 40s17.909 40 40 40 40-17.909 40-40-17.909-40-40-40zM96 352h320v-80l-87.515-87.515c-4.686-4.686-12.284-4.686-16.971 0L192 304l-39.515-39.515c-4.686-4.686-12.284-4.686-16.971 0L96 304v48z\"><\/path><\/svg>\t\t<\/span>\n\t\t\t\t\t<span class=\"e-n-tab-title-text\">\n\t\t\t\tGallery\t\t\t<\/span>\n\t\t<\/button>\n\t\t\t\t\t<\/div>\n\t\t\t<div class=\"e-n-tabs-content\">\n\t\t\t\t<div id=\"e-n-tab-content-1111175631\" role=\"tabpanel\" aria-labelledby=\"e-n-tab-title-1111175631\" data-tab-index=\"1\" style=\"--n-tabs-title-order: 1;\" class=\"e-active elementor-element elementor-element-d5d94d4 e-con-full e-flex e-con e-child\" data-id=\"d5d94d4\" data-element_type=\"container\">\n\t\t\t\t<\/div>\n\t\t\t\t\t<\/div>\n\t\t<\/div>\n\t\t\t\t<\/div>\n\t\t\t\t<\/div>\n\t\t\t\t\t<\/div>\n\t\t\t\t<\/div>\n\t\t\t\t<\/div>","protected":false},"excerpt":{"rendered":"<p>Grad Mostar uspje\u0161no se predstavlja na Me\u0111unarodnom sajmu gospodarstva Mostar2026., koji se odr\u017eava od 14. do 18. travnja, kroz bogat i sadr\u017eajan programusmjeren na promociju kulturne ba\u0161tine, tradicije i suvremenih turisti\u010dkih alataHercegovine.U zajedni\u010dkom nastupu Grada Mostara i Turisti\u010dke zajednice Grada Mostara,poseban naglasak stavljen je na autenti\u010dnost i o\u010duvanje kulturno-povijesnognaslje\u0111a. Sajamski \u0161tand profilirao se kao prostor [&hellip;]<\/p>","protected":false},"author":4,"featured_media":12740,"comment_status":"closed","ping_status":"closed","sticky":false,"template":"","format":"standard","meta":{"footnotes":""},"categories":[203],"tags":[],"class_list":["post-12739","post","type-post","status-publish","format-standard","has-post-thumbnail","hentry","category-uncategorized-hr"],"aioseo_notices":[],"_links":{"self":[{"href":"https:\/\/kultura-mostar.ba\/en\/wp-json\/wp\/v2\/posts\/12739","targetHints":{"allow":["GET"]}}],"collection":[{"href":"https:\/\/kultura-mostar.ba\/en\/wp-json\/wp\/v2\/posts"}],"about":[{"href":"https:\/\/kultura-mostar.ba\/en\/wp-json\/wp\/v2\/types\/post"}],"author":[{"embeddable":true,"href":"https:\/\/kultura-mostar.ba\/en\/wp-json\/wp\/v2\/users\/4"}],"replies":[{"embeddable":true,"href":"https:\/\/kultura-mostar.ba\/en\/wp-json\/wp\/v2\/comments?post=12739"}],"version-history":[{"count":3,"href":"https:\/\/kultura-mostar.ba\/en\/wp-json\/wp\/v2\/posts\/12739\/revisions"}],"predecessor-version":[{"id":12745,"href":"https:\/\/kultura-mostar.ba\/en\/wp-json\/wp\/v2\/posts\/12739\/revisions\/12745"}],"wp:featuredmedia":[{"embeddable":true,"href":"https:\/\/kultura-mostar.ba\/en\/wp-json\/wp\/v2\/media\/12740"}],"wp:attachment":[{"href":"https:\/\/kultura-mostar.ba\/en\/wp-json\/wp\/v2\/media?parent=12739"}],"wp:term":[{"taxonomy":"category","embeddable":true,"href":"https:\/\/kultura-mostar.ba\/en\/wp-json\/wp\/v2\/categories?post=12739"},{"taxonomy":"post_tag","embeddable":true,"href":"https:\/\/kultura-mostar.ba\/en\/wp-json\/wp\/v2\/tags?post=12739"}],"curies":[{"name":"wp","href":"https:\/\/api.w.org\/{rel}","templated":true}]}}