{"id":11515,"date":"2025-06-03T14:49:50","date_gmt":"2025-06-03T12:49:50","guid":{"rendered":"https:\/\/kultura-mostar.ba\/?p=11515"},"modified":"2025-06-04T17:14:33","modified_gmt":"2025-06-04T15:14:33","slug":"izlozba-tragovi-duse-zatvorila-bogat-likovni-program-mostarskog-proljeca","status":"publish","type":"post","link":"https:\/\/kultura-mostar.ba\/en\/2025\/06\/03\/izlozba-tragovi-duse-zatvorila-bogat-likovni-program-mostarskog-proljeca\/","title":{"rendered":"The exhibition Traces of the Soul closed the rich art program of the Mostar Spring"},"content":{"rendered":"<div data-elementor-type=\"wp-post\" data-elementor-id=\"11515\" class=\"elementor elementor-11515\" data-elementor-settings=\"{&quot;element_pack_global_tooltip_width&quot;:{&quot;unit&quot;:&quot;px&quot;,&quot;size&quot;:&quot;&quot;,&quot;sizes&quot;:[]},&quot;element_pack_global_tooltip_width_tablet&quot;:{&quot;unit&quot;:&quot;px&quot;,&quot;size&quot;:&quot;&quot;,&quot;sizes&quot;:[]},&quot;element_pack_global_tooltip_width_mobile&quot;:{&quot;unit&quot;:&quot;px&quot;,&quot;size&quot;:&quot;&quot;,&quot;sizes&quot;:[]},&quot;element_pack_global_tooltip_padding&quot;:{&quot;unit&quot;:&quot;px&quot;,&quot;top&quot;:&quot;&quot;,&quot;right&quot;:&quot;&quot;,&quot;bottom&quot;:&quot;&quot;,&quot;left&quot;:&quot;&quot;,&quot;isLinked&quot;:true},&quot;element_pack_global_tooltip_padding_tablet&quot;:{&quot;unit&quot;:&quot;px&quot;,&quot;top&quot;:&quot;&quot;,&quot;right&quot;:&quot;&quot;,&quot;bottom&quot;:&quot;&quot;,&quot;left&quot;:&quot;&quot;,&quot;isLinked&quot;:true},&quot;element_pack_global_tooltip_padding_mobile&quot;:{&quot;unit&quot;:&quot;px&quot;,&quot;top&quot;:&quot;&quot;,&quot;right&quot;:&quot;&quot;,&quot;bottom&quot;:&quot;&quot;,&quot;left&quot;:&quot;&quot;,&quot;isLinked&quot;:true},&quot;element_pack_global_tooltip_border_radius&quot;:{&quot;unit&quot;:&quot;px&quot;,&quot;top&quot;:&quot;&quot;,&quot;right&quot;:&quot;&quot;,&quot;bottom&quot;:&quot;&quot;,&quot;left&quot;:&quot;&quot;,&quot;isLinked&quot;:true},&quot;element_pack_global_tooltip_border_radius_tablet&quot;:{&quot;unit&quot;:&quot;px&quot;,&quot;top&quot;:&quot;&quot;,&quot;right&quot;:&quot;&quot;,&quot;bottom&quot;:&quot;&quot;,&quot;left&quot;:&quot;&quot;,&quot;isLinked&quot;:true},&quot;element_pack_global_tooltip_border_radius_mobile&quot;:{&quot;unit&quot;:&quot;px&quot;,&quot;top&quot;:&quot;&quot;,&quot;right&quot;:&quot;&quot;,&quot;bottom&quot;:&quot;&quot;,&quot;left&quot;:&quot;&quot;,&quot;isLinked&quot;:true}}\" data-elementor-post-type=\"post\">\n\t\t\t\t<div class=\"elementor-element elementor-element-2ec0146 e-con-full e-flex e-con e-parent\" data-id=\"2ec0146\" data-element_type=\"container\">\n\t\t<div class=\"elementor-element elementor-element-69cf467 e-con-full e-flex e-con e-child\" data-id=\"69cf467\" data-element_type=\"container\">\n\t\t\t\t<div class=\"elementor-element elementor-element-baa46aa elementor-widget elementor-widget-text-editor\" data-id=\"baa46aa\" data-element_type=\"widget\" data-widget_type=\"text-editor.default\">\n\t\t\t\t<div class=\"elementor-widget-container\">\n\t\t\t\t\t\t\t<p>Mostar Spring 2025.<\/p><p>Traces of the Soul of An\u0111elka Hrka\u0107 closed the rich art program of Spring<br \/>Exhibition Traces of the Soul by An\u0111elka Hrka\u0107, an amateur painter from \u0160iroki Brijeg<br \/>closed this year&#039;s rich art program at the Ivo Andri\u0107 Book Club<br \/>Mostar Spring. It began, we remind you, with a magnificent, unique exhibition<br \/>from the rich collection of art of the Matica Hrvatska (which was first published from the Matica<br \/>home in Zagreb) at the Museum of Contemporary Art, University of Mostar, which<br \/>The 27th Days of Matica Hrvatska Mostar were opened, and continued with exhibitions<br \/>pictures, drawings, photographs...<br \/>\u2013 For me, An\u0111elka Hrka\u0107&#039;s painting is a kind of calendar and reminder,<br \/>unique recording, almost daily artistic commentary on everything that is<br \/>surrounds, from people and objects related to people, and through the seasons and<br \/>natural phenomena up to the changes of the day \u2013 said, among other things, the editor<br \/>exhibitions Dragan Marijanovi\u0107.<br \/>Author Hrka\u0107 thanked everyone who made it possible to realize another of her works.<br \/>exhibition, emphasizing that she is extremely happy that her artworks are<br \/>part of the Mostar Spring.<br \/>The exhibition Traces of the soul, which was opened by a member of the Presidency of MH Mostar i<br \/>the president of the Assembly of MH Mostar, Nada Dalipagi\u0107, in the Ivo Andri\u0107 Book Club<br \/>can be viewed until June 15th.<\/p>\t\t\t\t\t\t<\/div>\n\t\t\t\t<\/div>\n\t\t\t\t<\/div>\n\t\t<div class=\"elementor-element elementor-element-80d67f6 e-con-full e-flex e-con e-child\" data-id=\"80d67f6\" data-element_type=\"container\">\n\t\t\t\t<\/div>\n\t\t\t\t<\/div>\n\t\t<div class=\"elementor-element elementor-element-bec4c77 e-flex e-con-boxed e-con e-parent\" data-id=\"bec4c77\" data-element_type=\"container\">\n\t\t\t\t\t<div class=\"e-con-inner\">\n\t\t\t\t<div class=\"elementor-element elementor-element-69f84fb e-n-tabs-none elementor-widget__width-inherit elementor-widget-mobile__width-inherit elementor-widget elementor-widget-n-tabs\" data-id=\"69f84fb\" data-element_type=\"widget\" data-settings=\"{&quot;tabs_justify_horizontal_mobile&quot;:&quot;start&quot;,&quot;horizontal_scroll_mobile&quot;:&quot;enable&quot;,&quot;tabs_justify_horizontal&quot;:&quot;start&quot;,&quot;horizontal_scroll&quot;:&quot;disable&quot;}\" data-widget_type=\"nested-tabs.default\">\n\t\t\t\t<div class=\"elementor-widget-container\">\n\t\t\t\t\t<div class=\"e-n-tabs\" data-widget-number=\"111117563\" aria-label=\"Tabs. Open items with Enter or Space, close with Escape and navigate using the Arrow keys.\">\n\t\t\t<div class=\"e-n-tabs-heading\" role=\"tablist\">\n\t\t\t\t\t<button id=\"e-n-tab-title-1111175631\" class=\"e-n-tab-title\" aria-selected=\"true\" data-tab-index=\"1\" role=\"tab\" tabindex=\"0\" aria-controls=\"e-n-tab-content-1111175631\" style=\"--n-tabs-title-order: 1;\">\n\t\t\t\t\t<span class=\"e-n-tab-icon\">\n\t\t\t<svg aria-hidden=\"true\" class=\"e-font-icon-svg e-far-image\" viewbox=\"0 0 512 512\" xmlns=\"http:\/\/www.w3.org\/2000\/svg\"><path d=\"M464 64H48C21.49 64 0 85.49 0 112v288c0 26.51 21.49 48 48 48h416c26.51 0 48-21.49 48-48V112c0-26.51-21.49-48-48-48zm-6 336H54a6 6 0 0 1-6-6V118a6 6 0 0 1 6-6h404a6 6 0 0 1 6 6v276a6 6 0 0 1-6 6zM128 152c-22.091 0-40 17.909-40 40s17.909 40 40 40 40-17.909 40-40-17.909-40-40-40zM96 352h320v-80l-87.515-87.515c-4.686-4.686-12.284-4.686-16.971 0L192 304l-39.515-39.515c-4.686-4.686-12.284-4.686-16.971 0L96 304v48z\"><\/path><\/svg>\t\t\t<svg aria-hidden=\"true\" class=\"e-font-icon-svg e-far-image\" viewbox=\"0 0 512 512\" xmlns=\"http:\/\/www.w3.org\/2000\/svg\"><path d=\"M464 64H48C21.49 64 0 85.49 0 112v288c0 26.51 21.49 48 48 48h416c26.51 0 48-21.49 48-48V112c0-26.51-21.49-48-48-48zm-6 336H54a6 6 0 0 1-6-6V118a6 6 0 0 1 6-6h404a6 6 0 0 1 6 6v276a6 6 0 0 1-6 6zM128 152c-22.091 0-40 17.909-40 40s17.909 40 40 40 40-17.909 40-40-17.909-40-40-40zM96 352h320v-80l-87.515-87.515c-4.686-4.686-12.284-4.686-16.971 0L192 304l-39.515-39.515c-4.686-4.686-12.284-4.686-16.971 0L96 304v48z\"><\/path><\/svg>\t\t<\/span>\n\t\t\t\t\t<span class=\"e-n-tab-title-text\">\n\t\t\t\tGallery\t\t\t<\/span>\n\t\t<\/button>\n\t\t\t\t\t<\/div>\n\t\t\t<div class=\"e-n-tabs-content\">\n\t\t\t\t<div id=\"e-n-tab-content-1111175631\" role=\"tabpanel\" aria-labelledby=\"e-n-tab-title-1111175631\" data-tab-index=\"1\" style=\"--n-tabs-title-order: 1;\" class=\"e-active elementor-element elementor-element-d5d94d4 e-con-full e-flex e-con e-child\" data-id=\"d5d94d4\" data-element_type=\"container\">\n\t\t\t\t<\/div>\n\t\t\t\t\t<\/div>\n\t\t<\/div>\n\t\t\t\t<\/div>\n\t\t\t\t<\/div>\n\t\t\t\t\t<\/div>\n\t\t\t\t<\/div>\n\t\t\t\t<\/div>","protected":false},"excerpt":{"rendered":"<p>Mostar Spring 2025. Traces of the Soul by An\u0111elka Hrka\u0107 closed the rich art program of SpringThe exhibition Traces of the Soul by amateur painter from \u0160iroki Brijeg An\u0111elka Hrka\u0107 closed the rich art program of this year&#039;s Mostar Spring at the Ivo Andri\u0107 Book Club. It began, we remind you, with a magnificent, unique exhibition from the rich art collection of Matica Hrvatska (which left the Matica Dom in Zagreb for the first time) at the Museum of Contemporary [\u2026]<\/p>","protected":false},"author":4,"featured_media":11516,"comment_status":"closed","ping_status":"closed","sticky":false,"template":"","format":"standard","meta":{"footnotes":""},"categories":[142],"tags":[],"class_list":["post-11515","post","type-post","status-publish","format-standard","has-post-thumbnail","hentry","category-vijesti"],"aioseo_notices":[],"_links":{"self":[{"href":"https:\/\/kultura-mostar.ba\/en\/wp-json\/wp\/v2\/posts\/11515","targetHints":{"allow":["GET"]}}],"collection":[{"href":"https:\/\/kultura-mostar.ba\/en\/wp-json\/wp\/v2\/posts"}],"about":[{"href":"https:\/\/kultura-mostar.ba\/en\/wp-json\/wp\/v2\/types\/post"}],"author":[{"embeddable":true,"href":"https:\/\/kultura-mostar.ba\/en\/wp-json\/wp\/v2\/users\/4"}],"replies":[{"embeddable":true,"href":"https:\/\/kultura-mostar.ba\/en\/wp-json\/wp\/v2\/comments?post=11515"}],"version-history":[{"count":3,"href":"https:\/\/kultura-mostar.ba\/en\/wp-json\/wp\/v2\/posts\/11515\/revisions"}],"predecessor-version":[{"id":11521,"href":"https:\/\/kultura-mostar.ba\/en\/wp-json\/wp\/v2\/posts\/11515\/revisions\/11521"}],"wp:featuredmedia":[{"embeddable":true,"href":"https:\/\/kultura-mostar.ba\/en\/wp-json\/wp\/v2\/media\/11516"}],"wp:attachment":[{"href":"https:\/\/kultura-mostar.ba\/en\/wp-json\/wp\/v2\/media?parent=11515"}],"wp:term":[{"taxonomy":"category","embeddable":true,"href":"https:\/\/kultura-mostar.ba\/en\/wp-json\/wp\/v2\/categories?post=11515"},{"taxonomy":"post_tag","embeddable":true,"href":"https:\/\/kultura-mostar.ba\/en\/wp-json\/wp\/v2\/tags?post=11515"}],"curies":[{"name":"wp","href":"https:\/\/api.w.org\/{rel}","templated":true}]}}