{"id":13283,"date":"2026-09-04T09:19:58","date_gmt":"2026-09-04T07:19:58","guid":{"rendered":"https:\/\/kultura-mostar.ba\/?p=13283"},"modified":"2026-09-04T09:21:34","modified_gmt":"2026-09-04T07:21:34","slug":"predlozak-klonirati-26-2","status":"publish","type":"post","link":"https:\/\/kultura-mostar.ba\/bs\/2025\/05\/13\/predlozak-klonirati-26-2\/","title":{"rendered":"Ansambl Lutkarskog kazali\u0161ta u Mostaru u\u010destvovao je na 9. Festivalu malih lutaka Pupica u Dubrovniku"},"content":{"rendered":"<div data-elementor-type=\"wp-post\" data-elementor-id=\"13283\" class=\"elementor elementor-13283\" data-elementor-settings=\"{&quot;element_pack_global_tooltip_width&quot;:{&quot;unit&quot;:&quot;px&quot;,&quot;size&quot;:&quot;&quot;,&quot;sizes&quot;:[]},&quot;element_pack_global_tooltip_width_tablet&quot;:{&quot;unit&quot;:&quot;px&quot;,&quot;size&quot;:&quot;&quot;,&quot;sizes&quot;:[]},&quot;element_pack_global_tooltip_width_mobile&quot;:{&quot;unit&quot;:&quot;px&quot;,&quot;size&quot;:&quot;&quot;,&quot;sizes&quot;:[]},&quot;element_pack_global_tooltip_padding&quot;:{&quot;unit&quot;:&quot;px&quot;,&quot;top&quot;:&quot;&quot;,&quot;right&quot;:&quot;&quot;,&quot;bottom&quot;:&quot;&quot;,&quot;left&quot;:&quot;&quot;,&quot;isLinked&quot;:true},&quot;element_pack_global_tooltip_padding_tablet&quot;:{&quot;unit&quot;:&quot;px&quot;,&quot;top&quot;:&quot;&quot;,&quot;right&quot;:&quot;&quot;,&quot;bottom&quot;:&quot;&quot;,&quot;left&quot;:&quot;&quot;,&quot;isLinked&quot;:true},&quot;element_pack_global_tooltip_padding_mobile&quot;:{&quot;unit&quot;:&quot;px&quot;,&quot;top&quot;:&quot;&quot;,&quot;right&quot;:&quot;&quot;,&quot;bottom&quot;:&quot;&quot;,&quot;left&quot;:&quot;&quot;,&quot;isLinked&quot;:true},&quot;element_pack_global_tooltip_border_radius&quot;:{&quot;unit&quot;:&quot;px&quot;,&quot;top&quot;:&quot;&quot;,&quot;right&quot;:&quot;&quot;,&quot;bottom&quot;:&quot;&quot;,&quot;left&quot;:&quot;&quot;,&quot;isLinked&quot;:true},&quot;element_pack_global_tooltip_border_radius_tablet&quot;:{&quot;unit&quot;:&quot;px&quot;,&quot;top&quot;:&quot;&quot;,&quot;right&quot;:&quot;&quot;,&quot;bottom&quot;:&quot;&quot;,&quot;left&quot;:&quot;&quot;,&quot;isLinked&quot;:true},&quot;element_pack_global_tooltip_border_radius_mobile&quot;:{&quot;unit&quot;:&quot;px&quot;,&quot;top&quot;:&quot;&quot;,&quot;right&quot;:&quot;&quot;,&quot;bottom&quot;:&quot;&quot;,&quot;left&quot;:&quot;&quot;,&quot;isLinked&quot;:true}}\" data-elementor-post-type=\"post\">\n\t\t\t\t<div class=\"elementor-element elementor-element-2ec0146 e-con-full e-flex e-con e-parent\" data-id=\"2ec0146\" data-element_type=\"container\">\n\t\t<div class=\"elementor-element elementor-element-69cf467 e-con-full e-flex e-con e-child\" data-id=\"69cf467\" data-element_type=\"container\">\n\t\t\t\t<div class=\"elementor-element elementor-element-baa46aa elementor-widget elementor-widget-text-editor\" data-id=\"baa46aa\" data-element_type=\"widget\" data-widget_type=\"text-editor.default\">\n\t\t\t\t<div class=\"elementor-widget-container\">\n\t\t\t\t\t\t\t<p>Lutkarsko pozori\u0161te u Mostaru u\u010destvovalo je na 9. Festivalu malih lutaka Pupica.<br \/>koji se odr\u017eao od 27. do 30. augusta u Dubrovniku i Cavtatu, u organizaciji Kulturnog<br \/>Dru\u0161tvo Aster. Festival je i ove godine okupio brojne umjetnike, pozori\u0161ta i ljubitelje.<br \/>lutkarska umjetnost.<br \/>Pupica festival je ponudio raznolik program tokom \u010detiri festivalska dana \u2013<br \/>lutkarske predstave, pripovijedanje, kreativne radionice i susreti s umjetnicima.<br \/>Program se odvijao na raznim lokacijama i otvorenim prostorima, \u010dine\u0107i lutkarsku predstavu<br \/>umjetnost je iza\u0161la iz prostora klasi\u010dnog pozori\u0161ta i postala bli\u017ea djeci i porodicama u<br \/>razli\u010dita mjesta.<br \/>Lutkarsko pozori\u0161te u Mostaru predstavilo je dvije predstave na festivalu.<br \/>Publika je imala priliku pogledati predstavu &quot;Karius i Bakhus&quot; u re\u017eiji Jaroslava Antoniuka,<br \/>Poznata i duhovita pri\u010da govori o va\u017enosti njege zuba.<br \/>Posljednjeg dana festivala, predstavili smo predstavu &quot;Bajka za ponijeti:<br \/>&quot;Crvenkapica i veliki zli vuk&quot; u re\u017eiji Ivana Kristijana Maji\u0107a, kojom je zatvoren ovogodi\u0161nji festival<br \/>Pupak.<br \/>Kratka, dinami\u010dna i razigrana predstava iz ciklusa &quot;Bajka ZA PONIJETI&quot; pokazala se<br \/>idealan zavr\u0161etak festivala koji je, tokom \u010detiri dana, dokazao da je magija pozori\u0161ta<br \/>Ne trebaju vam velike pozornice - mali prostor, dobra pri\u010da, lutke i<br \/>ma\u0161ta.<br \/>Ovogodi\u0161nja Pupica okupila je umjetnike iz razli\u010ditih sredina, uklju\u010duju\u0107i, pored<br \/>na\u0161e Lutkarsko kazali\u0161te Mostar, kao i Lutkarsko kazali\u0161te Zadar, SKD Lipa i drugi<br \/>umjetnici i pripovjeda\u010di. Nakon zavr\u0161etka festivala, organizatori su naglasili da su<br \/>Gotovo svi doga\u0111aji bili su dobro posje\u0107eni, a neki programi su bili ispunjeni do posljednjeg mjesta<br \/>posljednje mjesto.<br \/>Za Lutkarsko pozori\u0161te u Mostaru, ova posjeta je bila jo\u0161 jedna prilika da<br \/>predstavljanje mostarske lutkarske scene izvan Bosne i Hercegovine i nastavak<br \/>uspje\u0161na saradnja i veze s pozori\u0161tima i kulturnim organizacijama u regiji.<\/p>\t\t\t\t\t\t<\/div>\n\t\t\t\t<\/div>\n\t\t\t\t<\/div>\n\t\t<div class=\"elementor-element elementor-element-80d67f6 e-con-full e-flex e-con e-child\" data-id=\"80d67f6\" data-element_type=\"container\">\n\t\t\t\t<\/div>\n\t\t\t\t<\/div>\n\t\t<div class=\"elementor-element elementor-element-bec4c77 e-flex e-con-boxed e-con e-parent\" data-id=\"bec4c77\" data-element_type=\"container\">\n\t\t\t\t\t<div class=\"e-con-inner\">\n\t\t\t\t<div class=\"elementor-element elementor-element-69f84fb e-n-tabs-none elementor-widget__width-inherit elementor-widget-mobile__width-inherit elementor-widget elementor-widget-n-tabs\" data-id=\"69f84fb\" data-element_type=\"widget\" data-settings=\"{&quot;tabs_justify_horizontal_mobile&quot;:&quot;start&quot;,&quot;horizontal_scroll_mobile&quot;:&quot;enable&quot;,&quot;tabs_justify_horizontal&quot;:&quot;start&quot;,&quot;horizontal_scroll&quot;:&quot;disable&quot;}\" data-widget_type=\"nested-tabs.default\">\n\t\t\t\t<div class=\"elementor-widget-container\">\n\t\t\t\t\t<div class=\"e-n-tabs\" data-widget-number=\"111117563\" aria-label=\"Tabs. Otvarajte stavke pomo\u0107u Enter ili Space, zatvarajte pomo\u0107u Escape i navigirajte pomo\u0107u tipki sa strelicama.\">\n\t\t\t<div class=\"e-n-tabs-heading\" role=\"tablist\">\n\t\t\t\t\t<button id=\"e-n-tab-title-1111175631\" class=\"e-n-tab-title\" aria-selected=\"true\" data-tab-index=\"1\" role=\"tab\" tabindex=\"0\" aria-controls=\"e-n-tab-content-1111175631\" style=\"--n-tabs-title-order: 1;\">\n\t\t\t\t\t<span class=\"e-n-tab-icon\">\n\t\t\t<svg aria-hidden=\"true\" class=\"e-font-icon-svg e-far-image\" viewbox=\"0 0 512 512\" xmlns=\"http:\/\/www.w3.org\/2000\/svg\"><path d=\"M464 64H48C21.49 64 0 85.49 0 112v288c0 26.51 21.49 48 48 48h416c26.51 0 48-21.49 48-48V112c0-26.51-21.49-48-48-48zm-6 336H54a6 6 0 0 1-6-6V118a6 6 0 0 1 6-6h404a6 6 0 0 1 6 6v276a6 6 0 0 1-6 6zM128 152c-22.091 0-40 17.909-40 40s17.909 40 40 40 40-17.909 40-40-17.909-40-40-40zM96 352h320v-80l-87.515-87.515c-4.686-4.686-12.284-4.686-16.971 0L192 304l-39.515-39.515c-4.686-4.686-12.284-4.686-16.971 0L96 304v48z\"><\/path><\/svg>\t\t\t<svg aria-hidden=\"true\" class=\"e-font-icon-svg e-far-image\" viewbox=\"0 0 512 512\" xmlns=\"http:\/\/www.w3.org\/2000\/svg\"><path d=\"M464 64H48C21.49 64 0 85.49 0 112v288c0 26.51 21.49 48 48 48h416c26.51 0 48-21.49 48-48V112c0-26.51-21.49-48-48-48zm-6 336H54a6 6 0 0 1-6-6V118a6 6 0 0 1 6-6h404a6 6 0 0 1 6 6v276a6 6 0 0 1-6 6zM128 152c-22.091 0-40 17.909-40 40s17.909 40 40 40 40-17.909 40-40-17.909-40-40-40zM96 352h320v-80l-87.515-87.515c-4.686-4.686-12.284-4.686-16.971 0L192 304l-39.515-39.515c-4.686-4.686-12.284-4.686-16.971 0L96 304v48z\"><\/path><\/svg>\t\t<\/span>\n\t\t\t\t\t<span class=\"e-n-tab-title-text\">\n\t\t\t\tGalerija\t\t\t<\/span>\n\t\t<\/button>\n\t\t\t\t\t<\/div>\n\t\t\t<div class=\"e-n-tabs-content\">\n\t\t\t\t<div id=\"e-n-tab-content-1111175631\" role=\"tabpanel\" aria-labelledby=\"e-n-tab-title-1111175631\" data-tab-index=\"1\" style=\"--n-tabs-title-order: 1;\" class=\"e-active elementor-element elementor-element-d5d94d4 e-con-full e-flex e-con e-child\" data-id=\"d5d94d4\" data-element_type=\"container\">\n\t\t\t\t<\/div>\n\t\t\t\t\t<\/div>\n\t\t<\/div>\n\t\t\t\t<\/div>\n\t\t\t\t<\/div>\n\t\t\t\t\t<\/div>\n\t\t\t\t<\/div>\n\t\t\t\t<\/div>","protected":false},"excerpt":{"rendered":"<p>Lutkarsko kazali\u0161te Mostar sudjelovalo je na 9. Malom festivalu lutkarstva Pupica,koji se od 27. do 30. kolovoza odr\u017eao u Dubrovniku i Cavtatu u organizaciji Kulturnogdru\u0161tva Aster. Festival je i ove godine okupio brojne umjetnike, kazali\u0161ta i ljubiteljelutkarske umjetnosti.Festival Pupica je tijekom \u010detiri festivalska dana ponudila raznovrstan program \u2013lutkarske predstave, pripovijedanje bajki, kreativne radionice i susrete [&hellip;]<\/p>","protected":false},"author":4,"featured_media":13284,"comment_status":"closed","ping_status":"closed","sticky":false,"template":"","format":"standard","meta":{"footnotes":""},"categories":[142],"tags":[],"class_list":["post-13283","post","type-post","status-publish","format-standard","has-post-thumbnail","hentry","category-vijesti"],"aioseo_notices":[],"_links":{"self":[{"href":"https:\/\/kultura-mostar.ba\/bs\/wp-json\/wp\/v2\/posts\/13283","targetHints":{"allow":["GET"]}}],"collection":[{"href":"https:\/\/kultura-mostar.ba\/bs\/wp-json\/wp\/v2\/posts"}],"about":[{"href":"https:\/\/kultura-mostar.ba\/bs\/wp-json\/wp\/v2\/types\/post"}],"author":[{"embeddable":true,"href":"https:\/\/kultura-mostar.ba\/bs\/wp-json\/wp\/v2\/users\/4"}],"replies":[{"embeddable":true,"href":"https:\/\/kultura-mostar.ba\/bs\/wp-json\/wp\/v2\/comments?post=13283"}],"version-history":[{"count":3,"href":"https:\/\/kultura-mostar.ba\/bs\/wp-json\/wp\/v2\/posts\/13283\/revisions"}],"predecessor-version":[{"id":13287,"href":"https:\/\/kultura-mostar.ba\/bs\/wp-json\/wp\/v2\/posts\/13283\/revisions\/13287"}],"wp:featuredmedia":[{"embeddable":true,"href":"https:\/\/kultura-mostar.ba\/bs\/wp-json\/wp\/v2\/media\/13284"}],"wp:attachment":[{"href":"https:\/\/kultura-mostar.ba\/bs\/wp-json\/wp\/v2\/media?parent=13283"}],"wp:term":[{"taxonomy":"category","embeddable":true,"href":"https:\/\/kultura-mostar.ba\/bs\/wp-json\/wp\/v2\/categories?post=13283"},{"taxonomy":"post_tag","embeddable":true,"href":"https:\/\/kultura-mostar.ba\/bs\/wp-json\/wp\/v2\/tags?post=13283"}],"curies":[{"name":"wp","href":"https:\/\/api.w.org\/{rel}","templated":true}]}}