{"id":12739,"date":"2026-04-16T10:48:33","date_gmt":"2026-04-16T08:48:33","guid":{"rendered":"https:\/\/kultura-mostar.ba\/?p=12739"},"modified":"2026-04-22T18:31:30","modified_gmt":"2026-04-22T16:31:30","slug":"sajamski-nastup-grada-mostara-u-znaku-tradicije-i-platforme-dont-miss-herzegovina","status":"publish","type":"post","link":"https:\/\/kultura-mostar.ba\/bs\/2026\/04\/16\/predlozak-klonirati-2\/","title":{"rendered":"Sajamski nastup Grada Mostara u tradiciji i platformi &quot;Ne propustite Hercegovinu&quot;"},"content":{"rendered":"<div data-elementor-type=\"wp-post\" data-elementor-id=\"12739\" class=\"elementor elementor-12739\" data-elementor-settings=\"{&quot;element_pack_global_tooltip_width&quot;:{&quot;unit&quot;:&quot;px&quot;,&quot;size&quot;:&quot;&quot;,&quot;sizes&quot;:[]},&quot;element_pack_global_tooltip_width_tablet&quot;:{&quot;unit&quot;:&quot;px&quot;,&quot;size&quot;:&quot;&quot;,&quot;sizes&quot;:[]},&quot;element_pack_global_tooltip_width_mobile&quot;:{&quot;unit&quot;:&quot;px&quot;,&quot;size&quot;:&quot;&quot;,&quot;sizes&quot;:[]},&quot;element_pack_global_tooltip_padding&quot;:{&quot;unit&quot;:&quot;px&quot;,&quot;top&quot;:&quot;&quot;,&quot;right&quot;:&quot;&quot;,&quot;bottom&quot;:&quot;&quot;,&quot;left&quot;:&quot;&quot;,&quot;isLinked&quot;:true},&quot;element_pack_global_tooltip_padding_tablet&quot;:{&quot;unit&quot;:&quot;px&quot;,&quot;top&quot;:&quot;&quot;,&quot;right&quot;:&quot;&quot;,&quot;bottom&quot;:&quot;&quot;,&quot;left&quot;:&quot;&quot;,&quot;isLinked&quot;:true},&quot;element_pack_global_tooltip_padding_mobile&quot;:{&quot;unit&quot;:&quot;px&quot;,&quot;top&quot;:&quot;&quot;,&quot;right&quot;:&quot;&quot;,&quot;bottom&quot;:&quot;&quot;,&quot;left&quot;:&quot;&quot;,&quot;isLinked&quot;:true},&quot;element_pack_global_tooltip_border_radius&quot;:{&quot;unit&quot;:&quot;px&quot;,&quot;top&quot;:&quot;&quot;,&quot;right&quot;:&quot;&quot;,&quot;bottom&quot;:&quot;&quot;,&quot;left&quot;:&quot;&quot;,&quot;isLinked&quot;:true},&quot;element_pack_global_tooltip_border_radius_tablet&quot;:{&quot;unit&quot;:&quot;px&quot;,&quot;top&quot;:&quot;&quot;,&quot;right&quot;:&quot;&quot;,&quot;bottom&quot;:&quot;&quot;,&quot;left&quot;:&quot;&quot;,&quot;isLinked&quot;:true},&quot;element_pack_global_tooltip_border_radius_mobile&quot;:{&quot;unit&quot;:&quot;px&quot;,&quot;top&quot;:&quot;&quot;,&quot;right&quot;:&quot;&quot;,&quot;bottom&quot;:&quot;&quot;,&quot;left&quot;:&quot;&quot;,&quot;isLinked&quot;:true}}\" data-elementor-post-type=\"post\">\n\t\t\t\t<div class=\"elementor-element elementor-element-2ec0146 e-con-full e-flex e-con e-parent\" data-id=\"2ec0146\" data-element_type=\"container\">\n\t\t<div class=\"elementor-element elementor-element-69cf467 e-con-full e-flex e-con e-child\" data-id=\"69cf467\" data-element_type=\"container\">\n\t\t\t\t<div class=\"elementor-element elementor-element-baa46aa elementor-widget elementor-widget-text-editor\" data-id=\"baa46aa\" data-element_type=\"widget\" data-widget_type=\"text-editor.default\">\n\t\t\t\t<div class=\"elementor-widget-container\">\n\t\t\t\t\t\t\t<p>Grad Mostar uspje\u0161no se predstavlja na Me\u0111unarodnom sajmu gospodarstva u Mostaru<br \/>2026. godine, koji \u0107e se odr\u017eati od 14. do 18. aprila, kroz bogat i sadr\u017eajan program<br \/>usmjeren na promociju kulturne ba\u0161tine, tradicije i modernih turisti\u010dkih alata<br \/>Hercegovina.<br \/>U zajedni\u010dkom nastojanju Grada Mostara i Turisti\u010dke zajednice Grada Mostara,<br \/>Poseban naglasak stavlja se na autenti\u010dnost i o\u010duvanje kulturnog i historijskog naslije\u0111a<br \/>ba\u0161tine. Sajamski \u0161tand je profiliran kao prostor iskustva u kojem su posjetitelji<br \/>prilika da se upoznate s tradicionalnom hercegova\u010dkom odje\u0107om, vidite rukotvorine i shvatite<br \/>direktna interakcija s nosiocima kulturne ba\u0161tine.<br \/>Ve\u0107 prvog dana sajma, u okviru ceremonije otvaranja, posebna pa\u017enja je posve\u0107ena<br \/>\u010dlanovi HKUD-a &quot;Sv. Ante \u2013 Cim&quot; i KUD-a Bijelo Polje iz Mostara, \u010diji su nastupi i<br \/>Tradicionalne no\u0161nje doprinijele su autenti\u010dnoj atmosferi i prepoznatljivom vizualnom do\u017eivljaju.<br \/>identitet \u0161tanda.<br \/>Centralni dio programa do sada je realizovan u srijedu, 15. aprila u Paviljonu 2,<br \/>gdje je odr\u017ean tematski panel posve\u0107en savremenim pristupima promociji<br \/>destinacije. Predstavljena je platforma &quot;Ne propustite Hercegovinu&quot;, koju su predstavili<br \/>me\u0111unarodni stru\u010dnjak za odr\u017eivi razvoj i ameri\u010dki pisac i putopisac<br \/>sa dugogodi\u0161njim fokusom na Balkan i Hercegovinu, Tim Clancy. Pridru\u017euje mu se<br \/>U\u010destvovala je i Mirna Jel\u010di\u0107, autorica, urednica i kustosica sadr\u017eaja.<br \/>Platforma &quot;Ne propustite Hercegovinu&quot; izazvala je zna\u010dajan interes publike.<br \/>inovativan koncept koji nadilazi klasi\u010dne turisti\u010dke vodi\u010de. Umjesto standardnih<br \/>Preporuka je da platforma interpretira Hercegovinu kroz autenti\u010dne pri\u010de, ljude, vino,<\/p><p>adresa Bulevar narodne revolucije 15, 88000 Mostar Bosna i Hercegovina<\/p><p>tel. +387 36 844 568; +387 36 844 569<br \/>e-mail info@exploremostar.ba web stranica exploremostar.ba<\/p><p>gastronomije i svakodnevnog \u017eivota, s naglaskom na dubljem razumijevanju prostora i<br \/>kultura \u017eivljenja.<br \/>Istog dana odr\u017eana je interaktivna radionica o tradicionalnom vezenju i tkanju.<br \/>u organizaciji HKUD-a &quot;Sv. Ante - Cim&quot; Mostar (sekcija Zlatovez) i Udru\u017eenja \u017eena Vrba.<br \/>Radionica je privukla veliki broj posjetilaca svih uzrasta, koji su imali priliku da se upoznaju<br \/>osnovne tehnike ru\u010dnog rada, u\u010destvujte u stvaranju vlastitih radova i iskusite ih iz prve ruke<br \/>do\u017eivite bogatstvo nematerijalne kulturne ba\u0161tine.<br \/>Kroz sve dosada\u0161nje aktivnosti potvr\u0111eno je da tradicija i kulturno naslije\u0111e mogu<br \/>uspje\u0161no se integriraju u moderne turisti\u010dke trendove, posebno putem digitalnih platformi<br \/>kao \u0161to su &quot;Ne propustite Hercegovinu&quot;, koji nude novi na\u010din interpretacije destinacije i<br \/>dodatno doprinose njegovoj vidljivosti.<br \/>Me\u0111unarodni sajam gospodarstva u Mostaru 2026. nastavlja se danas i sutra, a<br \/>\u0160tand Grada Mostara i Turisti\u010dke zajednice Grada Mostara i dalje je otvoren za sve<br \/>posjetitelje koji \u017eele iskusiti spoj tradicije, identiteta i modernog pristupa<br \/>koji predstavljaju Hercegovinu.<br \/>*Za vi\u0161e informacija posjetite slu\u017ebenu web stranicu i dru\u0161tvene mre\u017ee Turisti\u010dke zajednice grada.<br \/>Mostar.<\/p><p>Dodaj tekst<\/p>\t\t\t\t\t\t<\/div>\n\t\t\t\t<\/div>\n\t\t\t\t<\/div>\n\t\t<div class=\"elementor-element elementor-element-80d67f6 e-con-full e-flex e-con e-child\" data-id=\"80d67f6\" data-element_type=\"container\">\n\t\t\t\t<\/div>\n\t\t\t\t<\/div>\n\t\t<div class=\"elementor-element elementor-element-bec4c77 e-flex e-con-boxed e-con e-parent\" data-id=\"bec4c77\" data-element_type=\"container\">\n\t\t\t\t\t<div class=\"e-con-inner\">\n\t\t\t\t<div class=\"elementor-element elementor-element-69f84fb e-n-tabs-none elementor-widget__width-inherit elementor-widget-mobile__width-inherit elementor-widget elementor-widget-n-tabs\" data-id=\"69f84fb\" data-element_type=\"widget\" data-settings=\"{&quot;tabs_justify_horizontal_mobile&quot;:&quot;start&quot;,&quot;horizontal_scroll_mobile&quot;:&quot;enable&quot;,&quot;tabs_justify_horizontal&quot;:&quot;start&quot;,&quot;horizontal_scroll&quot;:&quot;disable&quot;}\" data-widget_type=\"nested-tabs.default\">\n\t\t\t\t<div class=\"elementor-widget-container\">\n\t\t\t\t\t<div class=\"e-n-tabs\" data-widget-number=\"111117563\" aria-label=\"Tabs. Otvarajte stavke pomo\u0107u Enter ili Space, zatvarajte pomo\u0107u Escape i navigirajte pomo\u0107u tipki sa strelicama.\">\n\t\t\t<div class=\"e-n-tabs-heading\" role=\"tablist\">\n\t\t\t\t\t<button id=\"e-n-tab-title-1111175631\" class=\"e-n-tab-title\" aria-selected=\"true\" data-tab-index=\"1\" role=\"tab\" tabindex=\"0\" aria-controls=\"e-n-tab-content-1111175631\" style=\"--n-tabs-title-order: 1;\">\n\t\t\t\t\t<span class=\"e-n-tab-icon\">\n\t\t\t<svg aria-hidden=\"true\" class=\"e-font-icon-svg e-far-image\" viewbox=\"0 0 512 512\" xmlns=\"http:\/\/www.w3.org\/2000\/svg\"><path d=\"M464 64H48C21.49 64 0 85.49 0 112v288c0 26.51 21.49 48 48 48h416c26.51 0 48-21.49 48-48V112c0-26.51-21.49-48-48-48zm-6 336H54a6 6 0 0 1-6-6V118a6 6 0 0 1 6-6h404a6 6 0 0 1 6 6v276a6 6 0 0 1-6 6zM128 152c-22.091 0-40 17.909-40 40s17.909 40 40 40 40-17.909 40-40-17.909-40-40-40zM96 352h320v-80l-87.515-87.515c-4.686-4.686-12.284-4.686-16.971 0L192 304l-39.515-39.515c-4.686-4.686-12.284-4.686-16.971 0L96 304v48z\"><\/path><\/svg>\t\t\t<svg aria-hidden=\"true\" class=\"e-font-icon-svg e-far-image\" viewbox=\"0 0 512 512\" xmlns=\"http:\/\/www.w3.org\/2000\/svg\"><path d=\"M464 64H48C21.49 64 0 85.49 0 112v288c0 26.51 21.49 48 48 48h416c26.51 0 48-21.49 48-48V112c0-26.51-21.49-48-48-48zm-6 336H54a6 6 0 0 1-6-6V118a6 6 0 0 1 6-6h404a6 6 0 0 1 6 6v276a6 6 0 0 1-6 6zM128 152c-22.091 0-40 17.909-40 40s17.909 40 40 40 40-17.909 40-40-17.909-40-40-40zM96 352h320v-80l-87.515-87.515c-4.686-4.686-12.284-4.686-16.971 0L192 304l-39.515-39.515c-4.686-4.686-12.284-4.686-16.971 0L96 304v48z\"><\/path><\/svg>\t\t<\/span>\n\t\t\t\t\t<span class=\"e-n-tab-title-text\">\n\t\t\t\tGalerija\t\t\t<\/span>\n\t\t<\/button>\n\t\t\t\t\t<\/div>\n\t\t\t<div class=\"e-n-tabs-content\">\n\t\t\t\t<div id=\"e-n-tab-content-1111175631\" role=\"tabpanel\" aria-labelledby=\"e-n-tab-title-1111175631\" data-tab-index=\"1\" style=\"--n-tabs-title-order: 1;\" class=\"e-active elementor-element elementor-element-d5d94d4 e-con-full e-flex e-con e-child\" data-id=\"d5d94d4\" data-element_type=\"container\">\n\t\t\t\t<\/div>\n\t\t\t\t\t<\/div>\n\t\t<\/div>\n\t\t\t\t<\/div>\n\t\t\t\t<\/div>\n\t\t\t\t\t<\/div>\n\t\t\t\t<\/div>\n\t\t\t\t<\/div>","protected":false},"excerpt":{"rendered":"<p>Grad Mostar uspje\u0161no se predstavlja na Me\u0111unarodnom sajmu gospodarstva Mostar2026., koji se odr\u017eava od 14. do 18. travnja, kroz bogat i sadr\u017eajan programusmjeren na promociju kulturne ba\u0161tine, tradicije i suvremenih turisti\u010dkih alataHercegovine.U zajedni\u010dkom nastupu Grada Mostara i Turisti\u010dke zajednice Grada Mostara,poseban naglasak stavljen je na autenti\u010dnost i o\u010duvanje kulturno-povijesnognaslje\u0111a. Sajamski \u0161tand profilirao se kao prostor [&hellip;]<\/p>","protected":false},"author":4,"featured_media":12740,"comment_status":"closed","ping_status":"closed","sticky":false,"template":"","format":"standard","meta":{"footnotes":""},"categories":[203],"tags":[],"class_list":["post-12739","post","type-post","status-publish","format-standard","has-post-thumbnail","hentry","category-uncategorized-hr"],"aioseo_notices":[],"_links":{"self":[{"href":"https:\/\/kultura-mostar.ba\/bs\/wp-json\/wp\/v2\/posts\/12739","targetHints":{"allow":["GET"]}}],"collection":[{"href":"https:\/\/kultura-mostar.ba\/bs\/wp-json\/wp\/v2\/posts"}],"about":[{"href":"https:\/\/kultura-mostar.ba\/bs\/wp-json\/wp\/v2\/types\/post"}],"author":[{"embeddable":true,"href":"https:\/\/kultura-mostar.ba\/bs\/wp-json\/wp\/v2\/users\/4"}],"replies":[{"embeddable":true,"href":"https:\/\/kultura-mostar.ba\/bs\/wp-json\/wp\/v2\/comments?post=12739"}],"version-history":[{"count":3,"href":"https:\/\/kultura-mostar.ba\/bs\/wp-json\/wp\/v2\/posts\/12739\/revisions"}],"predecessor-version":[{"id":12745,"href":"https:\/\/kultura-mostar.ba\/bs\/wp-json\/wp\/v2\/posts\/12739\/revisions\/12745"}],"wp:featuredmedia":[{"embeddable":true,"href":"https:\/\/kultura-mostar.ba\/bs\/wp-json\/wp\/v2\/media\/12740"}],"wp:attachment":[{"href":"https:\/\/kultura-mostar.ba\/bs\/wp-json\/wp\/v2\/media?parent=12739"}],"wp:term":[{"taxonomy":"category","embeddable":true,"href":"https:\/\/kultura-mostar.ba\/bs\/wp-json\/wp\/v2\/categories?post=12739"},{"taxonomy":"post_tag","embeddable":true,"href":"https:\/\/kultura-mostar.ba\/bs\/wp-json\/wp\/v2\/tags?post=12739"}],"curies":[{"name":"wp","href":"https:\/\/api.w.org\/{rel}","templated":true}]}}