{"id":12667,"date":"2026-03-09T10:19:01","date_gmt":"2026-03-09T09:19:01","guid":{"rendered":"https:\/\/kultura-mostar.ba\/?p=12667"},"modified":"2026-04-10T13:43:25","modified_gmt":"2026-04-10T11:43:25","slug":"prepuna-sala-sjajna-atmosfera-i-viseminutni-aplauz-premijera-o-mujagi-komadini-odusevila-publiku","status":"publish","type":"post","link":"https:\/\/kultura-mostar.ba\/bs\/2026\/03\/09\/prepuna-sala-sjajna-atmosfera-i-viseminutni-aplauz-premijera-o-mujagi-komadini-odusevila-publiku\/","title":{"rendered":"Puna dvorana, odli\u010dna atmosfera i nekoliko minuta aplauza: Premijera Mujage Komadine odu\u0161evila je publiku"},"content":{"rendered":"<div data-elementor-type=\"wp-post\" data-elementor-id=\"12667\" class=\"elementor elementor-12667\" data-elementor-settings=\"{&quot;element_pack_global_tooltip_width&quot;:{&quot;unit&quot;:&quot;px&quot;,&quot;size&quot;:&quot;&quot;,&quot;sizes&quot;:[]},&quot;element_pack_global_tooltip_width_tablet&quot;:{&quot;unit&quot;:&quot;px&quot;,&quot;size&quot;:&quot;&quot;,&quot;sizes&quot;:[]},&quot;element_pack_global_tooltip_width_mobile&quot;:{&quot;unit&quot;:&quot;px&quot;,&quot;size&quot;:&quot;&quot;,&quot;sizes&quot;:[]},&quot;element_pack_global_tooltip_padding&quot;:{&quot;unit&quot;:&quot;px&quot;,&quot;top&quot;:&quot;&quot;,&quot;right&quot;:&quot;&quot;,&quot;bottom&quot;:&quot;&quot;,&quot;left&quot;:&quot;&quot;,&quot;isLinked&quot;:true},&quot;element_pack_global_tooltip_padding_tablet&quot;:{&quot;unit&quot;:&quot;px&quot;,&quot;top&quot;:&quot;&quot;,&quot;right&quot;:&quot;&quot;,&quot;bottom&quot;:&quot;&quot;,&quot;left&quot;:&quot;&quot;,&quot;isLinked&quot;:true},&quot;element_pack_global_tooltip_padding_mobile&quot;:{&quot;unit&quot;:&quot;px&quot;,&quot;top&quot;:&quot;&quot;,&quot;right&quot;:&quot;&quot;,&quot;bottom&quot;:&quot;&quot;,&quot;left&quot;:&quot;&quot;,&quot;isLinked&quot;:true},&quot;element_pack_global_tooltip_border_radius&quot;:{&quot;unit&quot;:&quot;px&quot;,&quot;top&quot;:&quot;&quot;,&quot;right&quot;:&quot;&quot;,&quot;bottom&quot;:&quot;&quot;,&quot;left&quot;:&quot;&quot;,&quot;isLinked&quot;:true},&quot;element_pack_global_tooltip_border_radius_tablet&quot;:{&quot;unit&quot;:&quot;px&quot;,&quot;top&quot;:&quot;&quot;,&quot;right&quot;:&quot;&quot;,&quot;bottom&quot;:&quot;&quot;,&quot;left&quot;:&quot;&quot;,&quot;isLinked&quot;:true},&quot;element_pack_global_tooltip_border_radius_mobile&quot;:{&quot;unit&quot;:&quot;px&quot;,&quot;top&quot;:&quot;&quot;,&quot;right&quot;:&quot;&quot;,&quot;bottom&quot;:&quot;&quot;,&quot;left&quot;:&quot;&quot;,&quot;isLinked&quot;:true}}\" data-elementor-post-type=\"post\">\n\t\t\t\t<div class=\"elementor-element elementor-element-2ec0146 e-con-full e-flex e-con e-parent\" data-id=\"2ec0146\" data-element_type=\"container\">\n\t\t<div class=\"elementor-element elementor-element-69cf467 e-con-full e-flex e-con e-child\" data-id=\"69cf467\" data-element_type=\"container\">\n\t\t\t\t<div class=\"elementor-element elementor-element-baa46aa elementor-widget elementor-widget-text-editor\" data-id=\"baa46aa\" data-element_type=\"widget\" data-widget_type=\"text-editor.default\">\n\t\t\t\t<div class=\"elementor-widget-container\">\n\t\t\t\t\t\t\t<p>U prepunoj dvorani Narodnog pozori\u0161ta u Mostaru, premijerno je izvedena<br \/>&quot;Gradona\u010delnik ili ovo je predstava o Mujagi Komadini&quot; Adnana Lugoni\u0107a, re\u017eija Dina<br \/>Mustafi\u0107.<\/p><p>\u201eVe\u010dera\u0161nja premijera pokazala je koliko je pri\u010da o Mujagi Komadini i danas \u017eiva i va\u017ena za Mostar.<br \/>Govorimo o \u010dovjeku koji je svojim vizijama, odlukama i postupcima ostavio dubok trag na razvoj grada i<br \/>kolektivno sje\u0107anje stanovnika Mostara. Ponosni smo \u0161to je na\u0161e pozori\u0161te donijelo takav<br \/>li\u010dnost. Drago nam je \u0161to je publika ve\u010deras prepoznala emociju, po\u0161tovanje i odgovornost s kojima<br \/>Pristupili smo ovoj pri\u010di. Nadamo se da \u0107e predstava doprinijeti da njegovo naslije\u0111e bude jo\u0161 ja\u010de.<br \/>\u010duva i prenosi novim generacijama stanovnika Mostara&quot;, rekao je direktor Narodnog pozori\u0161ta u Mostaru,<br \/>Emir Spahi\u0107.<\/p><p>Publika je gluma\u010dki ansambl i autorski tim pozdravila vi\u0161eminutnim aplauzom i ovacijama, potvr\u0111uju\u0107i to<br \/>izuzetna atmosfera i energija koja je obilje\u017eila ovo pozori\u0161no ve\u010de u Narodnom pozori\u0161tu u Mostaru.<\/p><p>&quot;Nema pozori\u0161nog \u010dovjeka koji mo\u017ee, nakon tako toplog prijema publike, nakon<br \/>biti ravnodu\u0161an na tako intenzivan, emotivan i iskren aplauz. Za mene i moj autorski tim, ona je bila<br \/>velika je privilegija raditi u Mostaru, raditi na ovom izvrsnom materijalu i tekstu Adnana Lugoni\u0107a sa<br \/>sa tako divnim ansamblom, tako da je ve\u010deras posebno i emotivno za mene, jer je ovo moj prvi rad<br \/>u NPM-u i ostat \u0107e negdje sigurno pohranjen, ne samo u mom sje\u0107anju, ve\u0107 i u mom srcu&quot;, naglasio je<br \/>Re\u017eiser predstave je Dino Mustafi\u0107.<\/p><p>Predstavi je prisustvovao i predsjedavaju\u0107i Skup\u0161tine Hercegova\u010dko-neretvanskog kantona, gospodin D\u017eafer.<br \/>Ali\u0107, koji je \u010destitao autoru i gluma\u010dkoj ekipi predstave.<\/p><p>&quot;\u010cestitam cijelom timu - od autora i reditelja do fantasti\u010dne gluma\u010dke ekipe. Mo\u017eete vidjeti ogroman trud i<br \/>energija ulo\u017eena u svaki detalj. Posebno bih \u017eelio \u010destitati Narodnom pozori\u0161tu Mostar. Ovim projektom, oni<br \/>dokazali su da imaju i snagu i kreativnost za velike i slo\u017eene poduhvate. Predstava me je ostavila<br \/>Izuzetan utisak. Sna\u017ean i upe\u010datljiv. Narodno pozori\u0161te Mostar je va\u017ena institucija za Grad Mostar i<br \/>HNK. Nadam se da \u0107emo zajedni\u010dkim naporima svakodnevno jo\u0161 vi\u0161e doprinositi kulturnom opusu.<br \/>Mostar\u201c, istakao je Ali\u0107.<\/p><p>U publici je ve\u010deras bio Mujagin praunuk, gospodin Amir Voloder, koji je podijelio svoje utiske.<br \/>nakon gledanja emisije.<\/p><p>&quot;Bio sam izuzetno sretan kada sam vidio da je predstava rasprodata i da je vladalo takvo interesovanje publike, i<br \/>Kako i ne bi bilo, kada je u pitanju \u010dovjek poput Mujage Komadine. Te\u0161ko je opisati sre\u0107u koju<br \/>Osje\u0107am. Moja majka je uvijek govorila da trebamo biti ponosni na to ko smo i \u0161ta smo. Gledaju\u0107i ovo<br \/>Ve\u010dera\u0161nja emisija, u potpunosti sam osjetio ponos \u0161to sam potomak \u010dovjeka koji je ostavio takvo<br \/>ostavio je dubok trag na ovom gradu. Na\u017ealost, mnogo toga \u0161to je ostalo iza njega je uni\u0161teno, ali njegova pri\u010da i<br \/>jo\u0161 uvijek \u017eiv. \u0160to se ti\u010de predstave - re\u017eija, gluma i cijela produkcija su zaista impresivni. U nekim<br \/>&quot;Ponekad sam se naje\u017eio. Predstava je izuzetno dobra&quot;, rekao je Voloder.<\/p><p>Premijera je okupila i brojne goste iz kulturnog i javnog \u017eivota iz Mostara, BiH i \u0161ire, koji su<br \/>uveli\u010dali su ovo va\u017eno pozori\u0161no ve\u010de svojim prisustvom.<\/p><p>&quot;Prije svega, ovo je sjajna stvar za Narodno pozori\u0161te u Mostaru, \u0161to su stvorili predstavu koja,<br \/>Zapravo, to govori o naslije\u0111u Mostara u punom smislu te rije\u010di i o svemu \u010dime se bavimo.<br \/>danas, zapravo, imamo posla s tim. Dakle, predstava na neki na\u010din pri\u010da pri\u010du o Mujagi i otvara pri\u010du o dana\u0161njem<br \/>Mostar. Mislim da ova predstava, s obzirom na reditelja, goste u ansamblu i prakti\u010dnu<br \/>cijeli ansambl NPM-a koji je u\u010destvovao i publika koja ga je pozdravila \u201estoje\u0107im ovacijama\u201c, jednim velikim<br \/>korak naprijed za ovo pozori\u0161te. \u017delio bih da se na njega gleda na na\u010din da ljudi u dana\u0161njem Mostaru i dalje mogu po\u010deti<br \/>\u201eRazmislimo malo o \u010dinjenici da svijet nije po\u010deo 92., 93. i 94. godine, ve\u0107 mnogo ranije\u201c, istakao je histori\u010dar,<br \/>publicista i pisac, Dragan Markovina.<\/p><p>&quot;S obzirom na to da sam po obrazovanju profesor historije i da znam ne\u0161to o Mujagi Komadini, mislim<br \/>da je ovo zanimljiva pri\u010da iz historije Mostara, ali i pri\u010da, mislim, o<br \/>danas. Neko pametniji od mene je jednom rekao da na Balkanu pro\u0161lost nikad ne nestaje.<br \/>Mislim da svi mi, zapravo, \u017eivimo prokletstvo te vje\u010dne pro\u0161losti, a ova predstava ju je savr\u0161eno prikazala.<br \/>ali istovremeno je pokazalo da se ponekad doga\u0111aju incidenti poput Mujage Komadine, koji je bio, ja bih<br \/>spomenuti incident, a ne pravilo. U svakom slu\u010daju, vrlo zanimljiva predstava u kojoj sam u\u017eivao<br \/>gledam\u201c, naglasio je Edin Smajlovi\u0107, direktor Doma kulture Bijelo Polje, Crna Gora.<\/p><p>Scenografiju i kostimografiju predstave uradila je Adisa Vatre\u0161 Selimovi\u0107, a scenski pokret Goran.<br \/>Popovi\u0107, dok je kompozitor muzike Mirza Red\u017eepagi\u0107. Gluma\u010dku ekipu \u010dine: Izudin Bajrovi\u0107 (kg),<br \/>Sa\u0161a Oru\u010devi\u0107, Faris Pinjo (kg), Emir Sejfi\u0107, Armin Filipovi\u0107, Emir Spahi\u0107, Amela Kreso, Dragana<br \/>Matrak Bukvi\u0107, Emina Topolovi\u0107 (kg), Jasmin Krpo i Vedran Vilogorac.<\/p><p>&quot;Moram re\u0107i da sam se zaista osje\u0107ao upla\u0161eno prije premijere, \u0161to je vjerovatno normalno. Glumci se osje\u0107aju<br \/>strah od premijere, osje\u0107aj odgovornosti, strah da \u0107e ne\u0161to po\u0107i po zlu, biti zaboravljen, napraviti gre\u0161ku, ali<br \/>Moram naglasiti da uz pomo\u0107 publike koja nas je ve\u010deras zaista podr\u017eavala, navijaju\u0107i za nas na taj na\u010din,<br \/>da sam veoma zadovoljan kako je pro\u0161la ve\u010dera\u0161nja premijera. Kad bi svaka sljede\u0107a repriza bila<\/p><p>barem sli\u010dno, bio bi to divan \u017eivot predstave. Do sada sam imao priliku svirati u mostarskom<br \/>Nacionalno pozori\u0161te, ali ovo je moja prva premijera, \u0161to me posebno uzbu\u0111uje i \u010dini sretnim. Naravno,<br \/>Ovo uvijek zvu\u010di kao fraza, ali imam slabost prema Mostaru, a imam i poseban osje\u0107aj prema ovom mjestu.<br \/>grad i to je bila jo\u0161 jedna odgovornost, a mo\u017eda i jo\u0161 jedan strah za mene, ali nekako smo se ve\u010deras razumjeli i<br \/>&quot;Odli\u010dno smo se proveli&quot;, rekao je \u0161ef drame Narodnog pozori\u0161ta u Sarajevu Izudin Bajrovi\u0107.<\/p><p>Prva repriza predstave &quot;Gradona\u010delnik ili Ovo je predstava o Mujagi Komadini&quot; zakazana je za<br \/>Petak, 13. mart, dok je druga repriza zakazana za \u010detvrtak, 26. mart, sa po\u010detkom u 20 sati.<\/p>\t\t\t\t\t\t<\/div>\n\t\t\t\t<\/div>\n\t\t\t\t<\/div>\n\t\t<div class=\"elementor-element elementor-element-80d67f6 e-con-full e-flex e-con e-child\" data-id=\"80d67f6\" data-element_type=\"container\">\n\t\t\t\t<\/div>\n\t\t\t\t<\/div>\n\t\t<div class=\"elementor-element elementor-element-bec4c77 e-flex e-con-boxed e-con e-parent\" data-id=\"bec4c77\" data-element_type=\"container\">\n\t\t\t\t\t<div class=\"e-con-inner\">\n\t\t\t\t<div class=\"elementor-element elementor-element-69f84fb e-n-tabs-none elementor-widget__width-inherit elementor-widget-mobile__width-inherit elementor-widget elementor-widget-n-tabs\" data-id=\"69f84fb\" data-element_type=\"widget\" data-settings=\"{&quot;tabs_justify_horizontal_mobile&quot;:&quot;start&quot;,&quot;horizontal_scroll_mobile&quot;:&quot;enable&quot;,&quot;tabs_justify_horizontal&quot;:&quot;start&quot;,&quot;horizontal_scroll&quot;:&quot;disable&quot;}\" data-widget_type=\"nested-tabs.default\">\n\t\t\t\t<div class=\"elementor-widget-container\">\n\t\t\t\t\t<div class=\"e-n-tabs\" data-widget-number=\"111117563\" aria-label=\"Tabs. Otvarajte stavke pomo\u0107u Enter ili Space, zatvarajte pomo\u0107u Escape i navigirajte pomo\u0107u tipki sa strelicama.\">\n\t\t\t<div class=\"e-n-tabs-heading\" role=\"tablist\">\n\t\t\t\t\t<button id=\"e-n-tab-title-1111175631\" class=\"e-n-tab-title\" aria-selected=\"true\" data-tab-index=\"1\" role=\"tab\" tabindex=\"0\" aria-controls=\"e-n-tab-content-1111175631\" style=\"--n-tabs-title-order: 1;\">\n\t\t\t\t\t<span class=\"e-n-tab-icon\">\n\t\t\t<svg aria-hidden=\"true\" class=\"e-font-icon-svg e-far-image\" viewbox=\"0 0 512 512\" xmlns=\"http:\/\/www.w3.org\/2000\/svg\"><path d=\"M464 64H48C21.49 64 0 85.49 0 112v288c0 26.51 21.49 48 48 48h416c26.51 0 48-21.49 48-48V112c0-26.51-21.49-48-48-48zm-6 336H54a6 6 0 0 1-6-6V118a6 6 0 0 1 6-6h404a6 6 0 0 1 6 6v276a6 6 0 0 1-6 6zM128 152c-22.091 0-40 17.909-40 40s17.909 40 40 40 40-17.909 40-40-17.909-40-40-40zM96 352h320v-80l-87.515-87.515c-4.686-4.686-12.284-4.686-16.971 0L192 304l-39.515-39.515c-4.686-4.686-12.284-4.686-16.971 0L96 304v48z\"><\/path><\/svg>\t\t\t<svg aria-hidden=\"true\" class=\"e-font-icon-svg e-far-image\" viewbox=\"0 0 512 512\" xmlns=\"http:\/\/www.w3.org\/2000\/svg\"><path d=\"M464 64H48C21.49 64 0 85.49 0 112v288c0 26.51 21.49 48 48 48h416c26.51 0 48-21.49 48-48V112c0-26.51-21.49-48-48-48zm-6 336H54a6 6 0 0 1-6-6V118a6 6 0 0 1 6-6h404a6 6 0 0 1 6 6v276a6 6 0 0 1-6 6zM128 152c-22.091 0-40 17.909-40 40s17.909 40 40 40 40-17.909 40-40-17.909-40-40-40zM96 352h320v-80l-87.515-87.515c-4.686-4.686-12.284-4.686-16.971 0L192 304l-39.515-39.515c-4.686-4.686-12.284-4.686-16.971 0L96 304v48z\"><\/path><\/svg>\t\t<\/span>\n\t\t\t\t\t<span class=\"e-n-tab-title-text\">\n\t\t\t\tGalerija\t\t\t<\/span>\n\t\t<\/button>\n\t\t\t\t\t<\/div>\n\t\t\t<div class=\"e-n-tabs-content\">\n\t\t\t\t<div id=\"e-n-tab-content-1111175631\" role=\"tabpanel\" aria-labelledby=\"e-n-tab-title-1111175631\" data-tab-index=\"1\" style=\"--n-tabs-title-order: 1;\" class=\"e-active elementor-element elementor-element-d5d94d4 e-con-full e-flex e-con e-child\" data-id=\"d5d94d4\" data-element_type=\"container\">\n\t\t\t\t<\/div>\n\t\t\t\t\t<\/div>\n\t\t<\/div>\n\t\t\t\t<\/div>\n\t\t\t\t<\/div>\n\t\t\t\t\t<\/div>\n\t\t\t\t<\/div>\n\t\t\t\t<\/div>","protected":false},"excerpt":{"rendered":"<p>U prepunoj sali Narodnog pozori\u0161ta u Mostaru premijerno izvedena predstava\u201eGradona\u010delnik ili Ovo je predstava o Mujagi Komadini\u201c autora Adnana Lugoni\u0107a, u re\u017eiji DineMustafi\u0107a. \u201eVe\u010dera\u0161nja premijera pokazala je koliko je pri\u010da o Mujagi Komadini i danas \u017eiva i va\u017ena za Mostar.Govorimo o \u010dovjeku koji je svojim vizijama, odlukama i djelima ostavio dubok trag u razvoju grada [&hellip;]<\/p>","protected":false},"author":4,"featured_media":12668,"comment_status":"closed","ping_status":"closed","sticky":false,"template":"","format":"standard","meta":{"footnotes":""},"categories":[203],"tags":[],"class_list":["post-12667","post","type-post","status-publish","format-standard","has-post-thumbnail","hentry","category-uncategorized-hr"],"aioseo_notices":[],"_links":{"self":[{"href":"https:\/\/kultura-mostar.ba\/bs\/wp-json\/wp\/v2\/posts\/12667","targetHints":{"allow":["GET"]}}],"collection":[{"href":"https:\/\/kultura-mostar.ba\/bs\/wp-json\/wp\/v2\/posts"}],"about":[{"href":"https:\/\/kultura-mostar.ba\/bs\/wp-json\/wp\/v2\/types\/post"}],"author":[{"embeddable":true,"href":"https:\/\/kultura-mostar.ba\/bs\/wp-json\/wp\/v2\/users\/4"}],"replies":[{"embeddable":true,"href":"https:\/\/kultura-mostar.ba\/bs\/wp-json\/wp\/v2\/comments?post=12667"}],"version-history":[{"count":3,"href":"https:\/\/kultura-mostar.ba\/bs\/wp-json\/wp\/v2\/posts\/12667\/revisions"}],"predecessor-version":[{"id":12672,"href":"https:\/\/kultura-mostar.ba\/bs\/wp-json\/wp\/v2\/posts\/12667\/revisions\/12672"}],"wp:featuredmedia":[{"embeddable":true,"href":"https:\/\/kultura-mostar.ba\/bs\/wp-json\/wp\/v2\/media\/12668"}],"wp:attachment":[{"href":"https:\/\/kultura-mostar.ba\/bs\/wp-json\/wp\/v2\/media?parent=12667"}],"wp:term":[{"taxonomy":"category","embeddable":true,"href":"https:\/\/kultura-mostar.ba\/bs\/wp-json\/wp\/v2\/categories?post=12667"},{"taxonomy":"post_tag","embeddable":true,"href":"https:\/\/kultura-mostar.ba\/bs\/wp-json\/wp\/v2\/tags?post=12667"}],"curies":[{"name":"wp","href":"https:\/\/api.w.org\/{rel}","templated":true}]}}