{"id":11897,"date":"2025-07-24T09:56:48","date_gmt":"2025-07-24T07:56:48","guid":{"rendered":"https:\/\/kultura-mostar.ba\/?p=11897"},"modified":"2025-08-18T12:25:18","modified_gmt":"2025-08-18T10:25:18","slug":"pocinje-manifestacija-ljeto-s-turistickom-zajednicom-grada-mostara","status":"publish","type":"post","link":"https:\/\/kultura-mostar.ba\/bs\/2025\/07\/24\/pocinje-manifestacija-ljeto-s-turistickom-zajednicom-grada-mostara\/","title":{"rendered":"Po\u010dinje manifestacija &quot;Ljeto s Turisti\u010dkom zajednicom grada Mostara&quot;"},"content":{"rendered":"<div data-elementor-type=\"wp-post\" data-elementor-id=\"11897\" class=\"elementor elementor-11897\" data-elementor-settings=\"{&quot;element_pack_global_tooltip_width&quot;:{&quot;unit&quot;:&quot;px&quot;,&quot;size&quot;:&quot;&quot;,&quot;sizes&quot;:[]},&quot;element_pack_global_tooltip_width_tablet&quot;:{&quot;unit&quot;:&quot;px&quot;,&quot;size&quot;:&quot;&quot;,&quot;sizes&quot;:[]},&quot;element_pack_global_tooltip_width_mobile&quot;:{&quot;unit&quot;:&quot;px&quot;,&quot;size&quot;:&quot;&quot;,&quot;sizes&quot;:[]},&quot;element_pack_global_tooltip_padding&quot;:{&quot;unit&quot;:&quot;px&quot;,&quot;top&quot;:&quot;&quot;,&quot;right&quot;:&quot;&quot;,&quot;bottom&quot;:&quot;&quot;,&quot;left&quot;:&quot;&quot;,&quot;isLinked&quot;:true},&quot;element_pack_global_tooltip_padding_tablet&quot;:{&quot;unit&quot;:&quot;px&quot;,&quot;top&quot;:&quot;&quot;,&quot;right&quot;:&quot;&quot;,&quot;bottom&quot;:&quot;&quot;,&quot;left&quot;:&quot;&quot;,&quot;isLinked&quot;:true},&quot;element_pack_global_tooltip_padding_mobile&quot;:{&quot;unit&quot;:&quot;px&quot;,&quot;top&quot;:&quot;&quot;,&quot;right&quot;:&quot;&quot;,&quot;bottom&quot;:&quot;&quot;,&quot;left&quot;:&quot;&quot;,&quot;isLinked&quot;:true},&quot;element_pack_global_tooltip_border_radius&quot;:{&quot;unit&quot;:&quot;px&quot;,&quot;top&quot;:&quot;&quot;,&quot;right&quot;:&quot;&quot;,&quot;bottom&quot;:&quot;&quot;,&quot;left&quot;:&quot;&quot;,&quot;isLinked&quot;:true},&quot;element_pack_global_tooltip_border_radius_tablet&quot;:{&quot;unit&quot;:&quot;px&quot;,&quot;top&quot;:&quot;&quot;,&quot;right&quot;:&quot;&quot;,&quot;bottom&quot;:&quot;&quot;,&quot;left&quot;:&quot;&quot;,&quot;isLinked&quot;:true},&quot;element_pack_global_tooltip_border_radius_mobile&quot;:{&quot;unit&quot;:&quot;px&quot;,&quot;top&quot;:&quot;&quot;,&quot;right&quot;:&quot;&quot;,&quot;bottom&quot;:&quot;&quot;,&quot;left&quot;:&quot;&quot;,&quot;isLinked&quot;:true}}\" data-elementor-post-type=\"post\">\n\t\t\t\t<div class=\"elementor-element elementor-element-2ec0146 e-con-full e-flex e-con e-parent\" data-id=\"2ec0146\" data-element_type=\"container\">\n\t\t<div class=\"elementor-element elementor-element-69cf467 e-con-full e-flex e-con e-child\" data-id=\"69cf467\" data-element_type=\"container\">\n\t\t\t\t<div class=\"elementor-element elementor-element-baa46aa elementor-widget elementor-widget-text-editor\" data-id=\"baa46aa\" data-element_type=\"widget\" data-widget_type=\"text-editor.default\">\n\t\t\t\t<div class=\"elementor-widget-container\">\n\t\t\t\t\t\t\t<p>Po\u010dinje manifestacija &quot;Ljeto s Turisti\u010dkom zajednicom Grada Mostara&quot; -<br \/>Donosimo vam detaljan program<br \/>Turisti\u010dka zajednica grada Mostara s ponosom najavljuje po\u010detak doga\u0111aja<br \/>&quot;Ljeto s Turisti\u010dkom zajednicom grada Mostara&quot;, koje \u0107e se odr\u017eati od \u010detvrtka,<br \/>Od 24. jula do subote 2. augusta 2025. godine, na dvije atraktivne lokacije na platou iza ku\u0107e<br \/>Mujage Komadine i plato ispod Starog mosta.<br \/>Doga\u0111aj otvaramo u \u010detvrtak, 24. jula 2025. godine filmskim ve\u010derima u okviru<br \/>otvoreno nebo na platou ispod Starog mosta. Ljubitelji sedme umjetnosti \u0107e imati<br \/>priliku za u\u017eivanje u izboru evropskih filmova, dok \u0107e ve\u010dernja atmosfera biti dodatno upotpunjena<br \/>zagrijavali su ih poznati mostarski DJ-evi.<br \/>PROGRAM na platou ispod Starog mosta:<br \/>\u010cetvrtak, 24. 7. 2025.<br \/>Projekcija filma &quot;En Corps&quot; (Francuska) \u2013 20:30<br \/>DJ Zlaja \u2013 22:00<br \/>Petak, 25.7.2025.<br \/>Projekcija filma &quot;Ninjababy&quot; (Norve\u0161ka) \u2013 20:30<br \/>DJ Amer \u0160ehovi\u0107 \u2013 22:00<br \/>Subota, 26.7.2025.<br \/>Projekcija filma &quot;Pravi posao&quot; (Francuska) \u2013 20:30<br \/>DJ Amir Groove \u2013 22:00<br \/>Centralni doga\u0111aj nas o\u010dekuje u nedjelju, 27. jula 2025. godine, kada se program pomi\u010de<br \/>iza ku\u0107e Mujage Komadine. Tog dana, najmla\u0111i \u0107e imati priliku da u\u010destvuju u<br \/>Muzi\u010dku radionicu vodi Marko Jakovljevi\u0107 u saradnji sa Udru\u017eenjem Down<\/p><p>adresa Bulevar narodne revolucije 15, 88000 Mostar Bosna i Hercegovina<\/p><p>tel. +387 36 844 568; +387 36 844 569<br \/>e-mail info@exploremostar.ba web stranica exploremostar.ba<\/p><p>Mostarski sindrom, a bit \u0107e odr\u017eana i projekcija animiranog filma. Bit \u0107e otvorenog tipa i<br \/>izlo\u017eba dje\u010djih radova, kojom zvani\u010dno po\u010dinje ovogodi\u0161nja manifestacija. Istog dana<br \/>na dan kada po\u010dinje stvaranje umjetni\u010dkog murala u okviru programa Rezon mural.<br \/>U narednim ve\u010derima, program se nastavlja projekcijama filmova iz Francuske,<br \/>Norve\u0161ka, \u0160vicarska, \u0160panija i Italija, a svaku filmsku no\u0107 pratit \u0107e koncerti i DJ-evi.<br \/>setovi. Muzi\u010dka scena \u0107e predstaviti rock bendove i mostarskog kantautora<br \/>Sanel Mari\u0107 Mara. Pjesnici \u0107e tako\u0111er pru\u017eiti posebnu umjetni\u010dku atmosferu i ho\u0107e<br \/>U \u010detvrtak, 31. jula 2025. godine, odr\u017eat \u0107e se ve\u010der poezije.<br \/>Doga\u0111aj zatvaramo u subotu, 2. augusta 2025. godine, zavr\u0161etkom murala Rezon i jo\u0161 mnogo toga.<br \/>uz projekciju filma i nastup DJ-a Lubnye.<br \/>PROGRAM na platou iza ku\u0107e Mujage Komadine:<br \/>Nedjelja, 27.7.2025.<br \/>Muzi\u010dka radionica za djecu \u2013 Marko Jakovljevi\u0107 \u2013 19:30<br \/>Otvaranje izlo\u017ebe dje\u010djih radova i slu\u017ebeno otvaranje doga\u0111aja \u2013 20:00<br \/>Po\u010detak Rezon murala \u2013 20:00<br \/>Projekcija filma &quot;Titina&quot; (Norve\u0161ka, animirani) - 20:30<br \/>DJ Zlaja \u2013 tokom ve\u010deri<br \/>Ponedjeljak, 28.7.2025.<br \/>Projekcija filma &quot;Bonjour Switzerland&quot; (\u0160vicarska) \u2013 20:30<br \/>Koncert \u2013 Em&amp;Em \u2013 22:00<br \/>Utorak, 29.7.2025.<br \/>Projekcija filma &quot;Tu\u017ene pri\u010de&quot; (\u0160panija) \u2013 20:30<br \/>Koncert \u2013 Benewrecks \u2013 22:00<br \/>Srijeda, 30.7.2025.<br \/>&quot;Olive&quot; (\u0160panija) \u2013 20:30<br \/>DJ Amir Groove \u2013 22:00<br \/>\u010cetvrtak, 31.7.2025.<br \/>Ve\u010de poezije \u2013 \u017dene s knjigom \u2013 19:30<br \/>&quot;Dilili \u00e0 Paris&quot; (Francuska, animirani) \u2013 20:30<\/p>\t\t\t\t\t\t<\/div>\n\t\t\t\t<\/div>\n\t\t\t\t<\/div>\n\t\t<div class=\"elementor-element elementor-element-80d67f6 e-con-full e-flex e-con e-child\" data-id=\"80d67f6\" data-element_type=\"container\">\n\t\t\t\t<\/div>\n\t\t\t\t<\/div>\n\t\t<div class=\"elementor-element elementor-element-bec4c77 e-flex e-con-boxed e-con e-parent\" data-id=\"bec4c77\" data-element_type=\"container\">\n\t\t\t\t\t<div class=\"e-con-inner\">\n\t\t\t\t<div class=\"elementor-element elementor-element-69f84fb e-n-tabs-none elementor-widget__width-inherit elementor-widget-mobile__width-inherit elementor-widget elementor-widget-n-tabs\" data-id=\"69f84fb\" data-element_type=\"widget\" data-settings=\"{&quot;tabs_justify_horizontal_mobile&quot;:&quot;start&quot;,&quot;horizontal_scroll_mobile&quot;:&quot;enable&quot;,&quot;tabs_justify_horizontal&quot;:&quot;start&quot;,&quot;horizontal_scroll&quot;:&quot;disable&quot;}\" data-widget_type=\"nested-tabs.default\">\n\t\t\t\t<div class=\"elementor-widget-container\">\n\t\t\t\t\t<div class=\"e-n-tabs\" data-widget-number=\"111117563\" aria-label=\"Tabs. Otvarajte stavke pomo\u0107u Enter ili Space, zatvarajte pomo\u0107u Escape i navigirajte pomo\u0107u tipki sa strelicama.\">\n\t\t\t<div class=\"e-n-tabs-heading\" role=\"tablist\">\n\t\t\t\t\t<button id=\"e-n-tab-title-1111175631\" class=\"e-n-tab-title\" aria-selected=\"true\" data-tab-index=\"1\" role=\"tab\" tabindex=\"0\" aria-controls=\"e-n-tab-content-1111175631\" style=\"--n-tabs-title-order: 1;\">\n\t\t\t\t\t<span class=\"e-n-tab-icon\">\n\t\t\t<svg aria-hidden=\"true\" class=\"e-font-icon-svg e-far-image\" viewbox=\"0 0 512 512\" xmlns=\"http:\/\/www.w3.org\/2000\/svg\"><path d=\"M464 64H48C21.49 64 0 85.49 0 112v288c0 26.51 21.49 48 48 48h416c26.51 0 48-21.49 48-48V112c0-26.51-21.49-48-48-48zm-6 336H54a6 6 0 0 1-6-6V118a6 6 0 0 1 6-6h404a6 6 0 0 1 6 6v276a6 6 0 0 1-6 6zM128 152c-22.091 0-40 17.909-40 40s17.909 40 40 40 40-17.909 40-40-17.909-40-40-40zM96 352h320v-80l-87.515-87.515c-4.686-4.686-12.284-4.686-16.971 0L192 304l-39.515-39.515c-4.686-4.686-12.284-4.686-16.971 0L96 304v48z\"><\/path><\/svg>\t\t\t<svg aria-hidden=\"true\" class=\"e-font-icon-svg e-far-image\" viewbox=\"0 0 512 512\" xmlns=\"http:\/\/www.w3.org\/2000\/svg\"><path d=\"M464 64H48C21.49 64 0 85.49 0 112v288c0 26.51 21.49 48 48 48h416c26.51 0 48-21.49 48-48V112c0-26.51-21.49-48-48-48zm-6 336H54a6 6 0 0 1-6-6V118a6 6 0 0 1 6-6h404a6 6 0 0 1 6 6v276a6 6 0 0 1-6 6zM128 152c-22.091 0-40 17.909-40 40s17.909 40 40 40 40-17.909 40-40-17.909-40-40-40zM96 352h320v-80l-87.515-87.515c-4.686-4.686-12.284-4.686-16.971 0L192 304l-39.515-39.515c-4.686-4.686-12.284-4.686-16.971 0L96 304v48z\"><\/path><\/svg>\t\t<\/span>\n\t\t\t\t\t<span class=\"e-n-tab-title-text\">\n\t\t\t\tGalerija\t\t\t<\/span>\n\t\t<\/button>\n\t\t\t\t\t<\/div>\n\t\t\t<div class=\"e-n-tabs-content\">\n\t\t\t\t<div id=\"e-n-tab-content-1111175631\" role=\"tabpanel\" aria-labelledby=\"e-n-tab-title-1111175631\" data-tab-index=\"1\" style=\"--n-tabs-title-order: 1;\" class=\"e-active elementor-element elementor-element-d5d94d4 e-con-full e-flex e-con e-child\" data-id=\"d5d94d4\" data-element_type=\"container\">\n\t\t\t\t<\/div>\n\t\t\t\t\t<\/div>\n\t\t<\/div>\n\t\t\t\t<\/div>\n\t\t\t\t<\/div>\n\t\t\t\t\t<\/div>\n\t\t\t\t<\/div>\n\t\t\t\t<\/div>","protected":false},"excerpt":{"rendered":"<p>Po\u010dinje manifestacija \u201eLjeto s Turisti\u010dkom zajednicom Grada Mostara\u201c \u2013Donosimo detaljan programTuristi\u010dka zajednica Grada Mostara s ponosom najavljuje po\u010detak manifestacije\u201eLjeto s Turisti\u010dkom zajednicom Grada Mostara\u201c, koja \u0107e se odr\u017eavati od \u010detvrtka,24. 7. do subote, 2. 8. 2025. godine, na dvije atraktivne lokacije plato iza ku\u0107eMujage Komadine i plato ispod Starog mosta.Manifestaciju otvaramo u \u010detvrtak 24.7.2025. godine [&hellip;]<\/p>","protected":false},"author":4,"featured_media":11898,"comment_status":"closed","ping_status":"closed","sticky":false,"template":"","format":"standard","meta":{"footnotes":""},"categories":[142],"tags":[],"class_list":["post-11897","post","type-post","status-publish","format-standard","has-post-thumbnail","hentry","category-vijesti"],"aioseo_notices":[],"_links":{"self":[{"href":"https:\/\/kultura-mostar.ba\/bs\/wp-json\/wp\/v2\/posts\/11897","targetHints":{"allow":["GET"]}}],"collection":[{"href":"https:\/\/kultura-mostar.ba\/bs\/wp-json\/wp\/v2\/posts"}],"about":[{"href":"https:\/\/kultura-mostar.ba\/bs\/wp-json\/wp\/v2\/types\/post"}],"author":[{"embeddable":true,"href":"https:\/\/kultura-mostar.ba\/bs\/wp-json\/wp\/v2\/users\/4"}],"replies":[{"embeddable":true,"href":"https:\/\/kultura-mostar.ba\/bs\/wp-json\/wp\/v2\/comments?post=11897"}],"version-history":[{"count":3,"href":"https:\/\/kultura-mostar.ba\/bs\/wp-json\/wp\/v2\/posts\/11897\/revisions"}],"predecessor-version":[{"id":11901,"href":"https:\/\/kultura-mostar.ba\/bs\/wp-json\/wp\/v2\/posts\/11897\/revisions\/11901"}],"wp:featuredmedia":[{"embeddable":true,"href":"https:\/\/kultura-mostar.ba\/bs\/wp-json\/wp\/v2\/media\/11898"}],"wp:attachment":[{"href":"https:\/\/kultura-mostar.ba\/bs\/wp-json\/wp\/v2\/media?parent=11897"}],"wp:term":[{"taxonomy":"category","embeddable":true,"href":"https:\/\/kultura-mostar.ba\/bs\/wp-json\/wp\/v2\/categories?post=11897"},{"taxonomy":"post_tag","embeddable":true,"href":"https:\/\/kultura-mostar.ba\/bs\/wp-json\/wp\/v2\/tags?post=11897"}],"curies":[{"name":"wp","href":"https:\/\/api.w.org\/{rel}","templated":true}]}}