{"id":11534,"date":"2025-06-09T13:53:42","date_gmt":"2025-06-09T11:53:42","guid":{"rendered":"https:\/\/kultura-mostar.ba\/?p=11534"},"modified":"2025-06-17T13:10:45","modified_gmt":"2025-06-17T11:10:45","slug":"ansambl-lutkarskog-kazalista-mostar-sudjelovao-na-jubilarnom-30-sluk-u","status":"publish","type":"post","link":"https:\/\/kultura-mostar.ba\/bs\/2025\/06\/09\/ansambl-lutkarskog-kazalista-mostar-sudjelovao-na-jubilarnom-30-sluk-u\/","title":{"rendered":"Ansambl Lutkarskog pozori\u0161ta Mostar u\u010destvovao je na jubilarnom 30. SLUK-u"},"content":{"rendered":"<div data-elementor-type=\"wp-post\" data-elementor-id=\"11534\" class=\"elementor elementor-11534\" data-elementor-settings=\"{&quot;element_pack_global_tooltip_width&quot;:{&quot;unit&quot;:&quot;px&quot;,&quot;size&quot;:&quot;&quot;,&quot;sizes&quot;:[]},&quot;element_pack_global_tooltip_width_tablet&quot;:{&quot;unit&quot;:&quot;px&quot;,&quot;size&quot;:&quot;&quot;,&quot;sizes&quot;:[]},&quot;element_pack_global_tooltip_width_mobile&quot;:{&quot;unit&quot;:&quot;px&quot;,&quot;size&quot;:&quot;&quot;,&quot;sizes&quot;:[]},&quot;element_pack_global_tooltip_padding&quot;:{&quot;unit&quot;:&quot;px&quot;,&quot;top&quot;:&quot;&quot;,&quot;right&quot;:&quot;&quot;,&quot;bottom&quot;:&quot;&quot;,&quot;left&quot;:&quot;&quot;,&quot;isLinked&quot;:true},&quot;element_pack_global_tooltip_padding_tablet&quot;:{&quot;unit&quot;:&quot;px&quot;,&quot;top&quot;:&quot;&quot;,&quot;right&quot;:&quot;&quot;,&quot;bottom&quot;:&quot;&quot;,&quot;left&quot;:&quot;&quot;,&quot;isLinked&quot;:true},&quot;element_pack_global_tooltip_padding_mobile&quot;:{&quot;unit&quot;:&quot;px&quot;,&quot;top&quot;:&quot;&quot;,&quot;right&quot;:&quot;&quot;,&quot;bottom&quot;:&quot;&quot;,&quot;left&quot;:&quot;&quot;,&quot;isLinked&quot;:true},&quot;element_pack_global_tooltip_border_radius&quot;:{&quot;unit&quot;:&quot;px&quot;,&quot;top&quot;:&quot;&quot;,&quot;right&quot;:&quot;&quot;,&quot;bottom&quot;:&quot;&quot;,&quot;left&quot;:&quot;&quot;,&quot;isLinked&quot;:true},&quot;element_pack_global_tooltip_border_radius_tablet&quot;:{&quot;unit&quot;:&quot;px&quot;,&quot;top&quot;:&quot;&quot;,&quot;right&quot;:&quot;&quot;,&quot;bottom&quot;:&quot;&quot;,&quot;left&quot;:&quot;&quot;,&quot;isLinked&quot;:true},&quot;element_pack_global_tooltip_border_radius_mobile&quot;:{&quot;unit&quot;:&quot;px&quot;,&quot;top&quot;:&quot;&quot;,&quot;right&quot;:&quot;&quot;,&quot;bottom&quot;:&quot;&quot;,&quot;left&quot;:&quot;&quot;,&quot;isLinked&quot;:true}}\" data-elementor-post-type=\"post\">\n\t\t\t\t<div class=\"elementor-element elementor-element-2ec0146 e-con-full e-flex e-con e-parent\" data-id=\"2ec0146\" data-element_type=\"container\">\n\t\t<div class=\"elementor-element elementor-element-69cf467 e-con-full e-flex e-con e-child\" data-id=\"69cf467\" data-element_type=\"container\">\n\t\t\t\t<div class=\"elementor-element elementor-element-baa46aa elementor-widget elementor-widget-text-editor\" data-id=\"baa46aa\" data-element_type=\"widget\" data-widget_type=\"text-editor.default\">\n\t\t\t\t<div class=\"elementor-widget-container\">\n\t\t\t\t\t\t\t<p>ANSAMBL LUTAKARSKOG POZORI\u0160TA MOSTAR U\u010cESTVOVAO U JUBILEJU<br \/>30.SLUK, SUSRET LUTKARA I LUTAKARSKE POZORI\u0160TA HRVATSKE<\/p><p>Priznanje Jadranki Popovi\u0107-Miljko za njen dugogodi\u0161nji rad u lutkarstvu<\/p><p>Ansambl Lutkarskog pozori\u0161ta u Mostaru u\u010destvovao je na jubilarnom festivalu od 4. do 6. juna 2025. godine.<br \/>30. Susret lutkara i lutkarskih kazali\u0161ta Hrvatske, najpresti\u017eniji festival lutaka u<br \/>Republika Hrvatska koja se odr\u017eala od 2. do 5. juna, te Grad Osijek i Dje\u010dje kazali\u0161te<br \/>Branko Mihaljevi\u0107 je ove godine bio doma\u0107in ovog takmi\u010denja.<br \/>Deset predstava uvr\u0161teno je u ovogodi\u0161nji SLUK, a gledaoci su ih mogli pogledati u<br \/>Dje\u010dje kazali\u0161te, Hrvatsko narodno kazali\u0161te i Dvorana Franjo Kre\u017ema.<br \/>Lutkarsko pozori\u0161te Mostar predstavilo se na ovom festivalu u prate\u0107em programu sa<br \/>s vi\u0161estruko nagra\u0111ivanom predstavom Utopija reditelja Vanje Jovanovi\u0107a, koja je ostvarila svoj<br \/>premijerno prikazana u februaru 2024. godine i ve\u0107 je osvojila srca publike i<br \/>odrasli. U predstavi igraju: Marta Haubrich, Ivan Nevjesti\u0107, Jadranka Popovi\u0107-Miljko i Tibor<br \/>Orah.<br \/>Predstava Utopija govori o ljepoti i va\u017enosti umjetnosti. U sredi\u0161tu pri\u010de je teza koja to govori<br \/>umjetnost je sastavni dio \u017eivota i kako bez umjetnosti ne mo\u017eemo u potpunosti izgraditi sebe.<br \/>Izuzetna nam je \u010dast \u0161to smo i ove godine dio ovog presti\u017enog festivala, a posebno smo<br \/>drago mi je \u0161to je na\u0161a prvakinja Jadranka Popovi\u0107-Miljko dobila priznanje za svoj dugogodi\u0161nji rad u<br \/>lutkarstvo.<br \/>U okviru SLUK-a, u organizaciji Kreativnog odjeljenja odr\u017eana je izlo\u017eba lutaka &quot;Od konca do zvona&quot;.<br \/>tehnologije Akademije umjetnosti i kulture, te izlo\u017eba scenografija i lutaka iz historije<br \/>SLUK &quot;Susret lutaka u Osijeku&quot;,<br \/>Predstavljene su i knjige &quot;Lutkarska \u010duda svijeta&quot; autorice Livije Kroflin i &quot;Nedovoljan prostor&quot;.<br \/>Iskori\u0161tene slobode \u2013 Sto godina lutkarstva za odrasle u Hrvatskoj\u201d Igora Tretinjaka.<\/p>\t\t\t\t\t\t<\/div>\n\t\t\t\t<\/div>\n\t\t\t\t<\/div>\n\t\t<div class=\"elementor-element elementor-element-80d67f6 e-con-full e-flex e-con e-child\" data-id=\"80d67f6\" data-element_type=\"container\">\n\t\t\t\t<\/div>\n\t\t\t\t<\/div>\n\t\t<div class=\"elementor-element elementor-element-bec4c77 e-flex e-con-boxed e-con e-parent\" data-id=\"bec4c77\" data-element_type=\"container\">\n\t\t\t\t\t<div class=\"e-con-inner\">\n\t\t\t\t<div class=\"elementor-element elementor-element-69f84fb e-n-tabs-none elementor-widget__width-inherit elementor-widget-mobile__width-inherit elementor-widget elementor-widget-n-tabs\" data-id=\"69f84fb\" data-element_type=\"widget\" data-settings=\"{&quot;tabs_justify_horizontal_mobile&quot;:&quot;start&quot;,&quot;horizontal_scroll_mobile&quot;:&quot;enable&quot;,&quot;tabs_justify_horizontal&quot;:&quot;start&quot;,&quot;horizontal_scroll&quot;:&quot;disable&quot;}\" data-widget_type=\"nested-tabs.default\">\n\t\t\t\t<div class=\"elementor-widget-container\">\n\t\t\t\t\t<div class=\"e-n-tabs\" data-widget-number=\"111117563\" aria-label=\"Tabs. Otvarajte stavke pomo\u0107u Enter ili Space, zatvarajte pomo\u0107u Escape i navigirajte pomo\u0107u tipki sa strelicama.\">\n\t\t\t<div class=\"e-n-tabs-heading\" role=\"tablist\">\n\t\t\t\t\t<button id=\"e-n-tab-title-1111175631\" class=\"e-n-tab-title\" aria-selected=\"true\" data-tab-index=\"1\" role=\"tab\" tabindex=\"0\" aria-controls=\"e-n-tab-content-1111175631\" style=\"--n-tabs-title-order: 1;\">\n\t\t\t\t\t<span class=\"e-n-tab-icon\">\n\t\t\t<svg aria-hidden=\"true\" class=\"e-font-icon-svg e-far-image\" viewbox=\"0 0 512 512\" xmlns=\"http:\/\/www.w3.org\/2000\/svg\"><path d=\"M464 64H48C21.49 64 0 85.49 0 112v288c0 26.51 21.49 48 48 48h416c26.51 0 48-21.49 48-48V112c0-26.51-21.49-48-48-48zm-6 336H54a6 6 0 0 1-6-6V118a6 6 0 0 1 6-6h404a6 6 0 0 1 6 6v276a6 6 0 0 1-6 6zM128 152c-22.091 0-40 17.909-40 40s17.909 40 40 40 40-17.909 40-40-17.909-40-40-40zM96 352h320v-80l-87.515-87.515c-4.686-4.686-12.284-4.686-16.971 0L192 304l-39.515-39.515c-4.686-4.686-12.284-4.686-16.971 0L96 304v48z\"><\/path><\/svg>\t\t\t<svg aria-hidden=\"true\" class=\"e-font-icon-svg e-far-image\" viewbox=\"0 0 512 512\" xmlns=\"http:\/\/www.w3.org\/2000\/svg\"><path d=\"M464 64H48C21.49 64 0 85.49 0 112v288c0 26.51 21.49 48 48 48h416c26.51 0 48-21.49 48-48V112c0-26.51-21.49-48-48-48zm-6 336H54a6 6 0 0 1-6-6V118a6 6 0 0 1 6-6h404a6 6 0 0 1 6 6v276a6 6 0 0 1-6 6zM128 152c-22.091 0-40 17.909-40 40s17.909 40 40 40 40-17.909 40-40-17.909-40-40-40zM96 352h320v-80l-87.515-87.515c-4.686-4.686-12.284-4.686-16.971 0L192 304l-39.515-39.515c-4.686-4.686-12.284-4.686-16.971 0L96 304v48z\"><\/path><\/svg>\t\t<\/span>\n\t\t\t\t\t<span class=\"e-n-tab-title-text\">\n\t\t\t\tGalerija\t\t\t<\/span>\n\t\t<\/button>\n\t\t\t\t\t<\/div>\n\t\t\t<div class=\"e-n-tabs-content\">\n\t\t\t\t<div id=\"e-n-tab-content-1111175631\" role=\"tabpanel\" aria-labelledby=\"e-n-tab-title-1111175631\" data-tab-index=\"1\" style=\"--n-tabs-title-order: 1;\" class=\"e-active elementor-element elementor-element-d5d94d4 e-con-full e-flex e-con e-child\" data-id=\"d5d94d4\" data-element_type=\"container\">\n\t\t\t\t<\/div>\n\t\t\t\t\t<\/div>\n\t\t<\/div>\n\t\t\t\t<\/div>\n\t\t\t\t<\/div>\n\t\t\t\t\t<\/div>\n\t\t\t\t<\/div>\n\t\t\t\t<\/div>","protected":false},"excerpt":{"rendered":"<p>ANSAMBL LUTAKARSKOG POZORI\u0160TA MOSTAR U\u010cESTVOVAO NA JUBILARNOM 30. SLUKU, SUSRETU LUTKARA I LUTAKARSKIH POZORI\u0160TA U HRVATSKOJ Priznanje Jadranki Popovi\u0107-Miljko za dugogodi\u0161nji rad u lutkarstvu Ansambl Lutkarskog pozori\u0161ta Mostar u\u010destvovao je od 4. do 6. juna 2025. godine na jubilarnom 30. Susretu lutkara i lutakarskih pozori\u0161ta u Hrvatskoj, najpresti\u017enijem festivalu lutaka u Republici Hrvatskoj, koji se odr\u017eao od 2. do 5. juna, a Grad [\u2026]<\/p>","protected":false},"author":4,"featured_media":11536,"comment_status":"closed","ping_status":"closed","sticky":false,"template":"","format":"standard","meta":{"footnotes":""},"categories":[142],"tags":[],"class_list":["post-11534","post","type-post","status-publish","format-standard","has-post-thumbnail","hentry","category-vijesti"],"aioseo_notices":[],"_links":{"self":[{"href":"https:\/\/kultura-mostar.ba\/bs\/wp-json\/wp\/v2\/posts\/11534","targetHints":{"allow":["GET"]}}],"collection":[{"href":"https:\/\/kultura-mostar.ba\/bs\/wp-json\/wp\/v2\/posts"}],"about":[{"href":"https:\/\/kultura-mostar.ba\/bs\/wp-json\/wp\/v2\/types\/post"}],"author":[{"embeddable":true,"href":"https:\/\/kultura-mostar.ba\/bs\/wp-json\/wp\/v2\/users\/4"}],"replies":[{"embeddable":true,"href":"https:\/\/kultura-mostar.ba\/bs\/wp-json\/wp\/v2\/comments?post=11534"}],"version-history":[{"count":3,"href":"https:\/\/kultura-mostar.ba\/bs\/wp-json\/wp\/v2\/posts\/11534\/revisions"}],"predecessor-version":[{"id":11542,"href":"https:\/\/kultura-mostar.ba\/bs\/wp-json\/wp\/v2\/posts\/11534\/revisions\/11542"}],"wp:featuredmedia":[{"embeddable":true,"href":"https:\/\/kultura-mostar.ba\/bs\/wp-json\/wp\/v2\/media\/11536"}],"wp:attachment":[{"href":"https:\/\/kultura-mostar.ba\/bs\/wp-json\/wp\/v2\/media?parent=11534"}],"wp:term":[{"taxonomy":"category","embeddable":true,"href":"https:\/\/kultura-mostar.ba\/bs\/wp-json\/wp\/v2\/categories?post=11534"},{"taxonomy":"post_tag","embeddable":true,"href":"https:\/\/kultura-mostar.ba\/bs\/wp-json\/wp\/v2\/tags?post=11534"}],"curies":[{"name":"wp","href":"https:\/\/api.w.org\/{rel}","templated":true}]}}