{"id":11515,"date":"2025-06-03T14:49:50","date_gmt":"2025-06-03T12:49:50","guid":{"rendered":"https:\/\/kultura-mostar.ba\/?p=11515"},"modified":"2025-06-04T17:14:33","modified_gmt":"2025-06-04T15:14:33","slug":"izlozba-tragovi-duse-zatvorila-bogat-likovni-program-mostarskog-proljeca","status":"publish","type":"post","link":"https:\/\/kultura-mostar.ba\/bs\/2025\/06\/03\/izlozba-tragovi-duse-zatvorila-bogat-likovni-program-mostarskog-proljeca\/","title":{"rendered":"Izlo\u017eba Tragovi du\u0161e zatvorila je bogati umjetni\u010dki program Mostarskog prolje\u0107a"},"content":{"rendered":"<div data-elementor-type=\"wp-post\" data-elementor-id=\"11515\" class=\"elementor elementor-11515\" data-elementor-settings=\"{&quot;element_pack_global_tooltip_width&quot;:{&quot;unit&quot;:&quot;px&quot;,&quot;size&quot;:&quot;&quot;,&quot;sizes&quot;:[]},&quot;element_pack_global_tooltip_width_tablet&quot;:{&quot;unit&quot;:&quot;px&quot;,&quot;size&quot;:&quot;&quot;,&quot;sizes&quot;:[]},&quot;element_pack_global_tooltip_width_mobile&quot;:{&quot;unit&quot;:&quot;px&quot;,&quot;size&quot;:&quot;&quot;,&quot;sizes&quot;:[]},&quot;element_pack_global_tooltip_padding&quot;:{&quot;unit&quot;:&quot;px&quot;,&quot;top&quot;:&quot;&quot;,&quot;right&quot;:&quot;&quot;,&quot;bottom&quot;:&quot;&quot;,&quot;left&quot;:&quot;&quot;,&quot;isLinked&quot;:true},&quot;element_pack_global_tooltip_padding_tablet&quot;:{&quot;unit&quot;:&quot;px&quot;,&quot;top&quot;:&quot;&quot;,&quot;right&quot;:&quot;&quot;,&quot;bottom&quot;:&quot;&quot;,&quot;left&quot;:&quot;&quot;,&quot;isLinked&quot;:true},&quot;element_pack_global_tooltip_padding_mobile&quot;:{&quot;unit&quot;:&quot;px&quot;,&quot;top&quot;:&quot;&quot;,&quot;right&quot;:&quot;&quot;,&quot;bottom&quot;:&quot;&quot;,&quot;left&quot;:&quot;&quot;,&quot;isLinked&quot;:true},&quot;element_pack_global_tooltip_border_radius&quot;:{&quot;unit&quot;:&quot;px&quot;,&quot;top&quot;:&quot;&quot;,&quot;right&quot;:&quot;&quot;,&quot;bottom&quot;:&quot;&quot;,&quot;left&quot;:&quot;&quot;,&quot;isLinked&quot;:true},&quot;element_pack_global_tooltip_border_radius_tablet&quot;:{&quot;unit&quot;:&quot;px&quot;,&quot;top&quot;:&quot;&quot;,&quot;right&quot;:&quot;&quot;,&quot;bottom&quot;:&quot;&quot;,&quot;left&quot;:&quot;&quot;,&quot;isLinked&quot;:true},&quot;element_pack_global_tooltip_border_radius_mobile&quot;:{&quot;unit&quot;:&quot;px&quot;,&quot;top&quot;:&quot;&quot;,&quot;right&quot;:&quot;&quot;,&quot;bottom&quot;:&quot;&quot;,&quot;left&quot;:&quot;&quot;,&quot;isLinked&quot;:true}}\" data-elementor-post-type=\"post\">\n\t\t\t\t<div class=\"elementor-element elementor-element-2ec0146 e-con-full e-flex e-con e-parent\" data-id=\"2ec0146\" data-element_type=\"container\">\n\t\t<div class=\"elementor-element elementor-element-69cf467 e-con-full e-flex e-con e-child\" data-id=\"69cf467\" data-element_type=\"container\">\n\t\t\t\t<div class=\"elementor-element elementor-element-baa46aa elementor-widget elementor-widget-text-editor\" data-id=\"baa46aa\" data-element_type=\"widget\" data-widget_type=\"text-editor.default\">\n\t\t\t\t<div class=\"elementor-widget-container\">\n\t\t\t\t\t\t\t<p>Mostarsko prolje\u0107e 2025.<\/p><p>Tragovi du\u0161e An\u0111elke Hrka\u0107 zatvorili su bogati umjetni\u010dki program Prolje\u0107a<br \/>Izlo\u017eba Tragovi du\u0161e An\u0111elke Hrka\u0107, slikarice amatera iz \u0160irokog Brijega<br \/>zatvorio je ovogodi\u0161nji bogati umjetni\u010dki program u Klubu knjige Ivo Andri\u0107<br \/>Mostarsko prolje\u0107e. Po\u010delo je, podsje\u0107amo, veli\u010danstvenom, jedinstvenom izlo\u017ebom<br \/>iz bogate zbirke umjetnina Matice Hrvatske (koja je prvi put objavljena iz Matice<br \/>dom u Zagrebu) u Muzeju suvremene umjetnosti Sveu\u010dili\u0161ta u Mostaru, koji<br \/>Otvoreni su 27. Dani Matice Hrvatske u Mostaru, koji su nastavljeni izlo\u017ebama.<br \/>slike, crte\u017ei, fotografije...<br \/>\u2013 Za mene je slika An\u0111elke Hrka\u0107 svojevrsni kalendar i podsjetnik,<br \/>jedinstveni snimak, gotovo svakodnevni umjetni\u010dki komentar svega \u0161to je<br \/>okru\u017euje, od ljudi i predmeta povezanih s ljudima, te kroz godi\u0161nja doba i<br \/>prirodne pojave do promjena dana \u2013 rekao je, izme\u0111u ostalog, urednik<br \/>izlo\u017ebe Dragan Marijanovi\u0107.<br \/>Autorica Hrka\u0107 zahvalila se svima koji su omogu\u0107ili realizaciju jo\u0161 jednog njenog djela.<br \/>izlo\u017ebu, nagla\u0161avaju\u0107i da je izuzetno sretna \u0161to su njeni radovi<br \/>dio Mostarskog prolje\u0107a.<br \/>Izlo\u017ebu Tragovi du\u0161e, koju je otvorio \u010dlan Predsjedni\u0161tva MH Mostar i<br \/>predsjednica Skup\u0161tine MH Mostar Nada Dalipagi\u0107 u Klubu knjiga Ivo Andri\u0107<br \/>mo\u017ee se pogledati do 15. juna.<\/p>\t\t\t\t\t\t<\/div>\n\t\t\t\t<\/div>\n\t\t\t\t<\/div>\n\t\t<div class=\"elementor-element elementor-element-80d67f6 e-con-full e-flex e-con e-child\" data-id=\"80d67f6\" data-element_type=\"container\">\n\t\t\t\t<\/div>\n\t\t\t\t<\/div>\n\t\t<div class=\"elementor-element elementor-element-bec4c77 e-flex e-con-boxed e-con e-parent\" data-id=\"bec4c77\" data-element_type=\"container\">\n\t\t\t\t\t<div class=\"e-con-inner\">\n\t\t\t\t<div class=\"elementor-element elementor-element-69f84fb e-n-tabs-none elementor-widget__width-inherit elementor-widget-mobile__width-inherit elementor-widget elementor-widget-n-tabs\" data-id=\"69f84fb\" data-element_type=\"widget\" data-settings=\"{&quot;tabs_justify_horizontal_mobile&quot;:&quot;start&quot;,&quot;horizontal_scroll_mobile&quot;:&quot;enable&quot;,&quot;tabs_justify_horizontal&quot;:&quot;start&quot;,&quot;horizontal_scroll&quot;:&quot;disable&quot;}\" data-widget_type=\"nested-tabs.default\">\n\t\t\t\t<div class=\"elementor-widget-container\">\n\t\t\t\t\t<div class=\"e-n-tabs\" data-widget-number=\"111117563\" aria-label=\"Tabs. Otvarajte stavke pomo\u0107u Enter ili Space, zatvarajte pomo\u0107u Escape i navigirajte pomo\u0107u tipki sa strelicama.\">\n\t\t\t<div class=\"e-n-tabs-heading\" role=\"tablist\">\n\t\t\t\t\t<button id=\"e-n-tab-title-1111175631\" class=\"e-n-tab-title\" aria-selected=\"true\" data-tab-index=\"1\" role=\"tab\" tabindex=\"0\" aria-controls=\"e-n-tab-content-1111175631\" style=\"--n-tabs-title-order: 1;\">\n\t\t\t\t\t<span class=\"e-n-tab-icon\">\n\t\t\t<svg aria-hidden=\"true\" class=\"e-font-icon-svg e-far-image\" viewbox=\"0 0 512 512\" xmlns=\"http:\/\/www.w3.org\/2000\/svg\"><path d=\"M464 64H48C21.49 64 0 85.49 0 112v288c0 26.51 21.49 48 48 48h416c26.51 0 48-21.49 48-48V112c0-26.51-21.49-48-48-48zm-6 336H54a6 6 0 0 1-6-6V118a6 6 0 0 1 6-6h404a6 6 0 0 1 6 6v276a6 6 0 0 1-6 6zM128 152c-22.091 0-40 17.909-40 40s17.909 40 40 40 40-17.909 40-40-17.909-40-40-40zM96 352h320v-80l-87.515-87.515c-4.686-4.686-12.284-4.686-16.971 0L192 304l-39.515-39.515c-4.686-4.686-12.284-4.686-16.971 0L96 304v48z\"><\/path><\/svg>\t\t\t<svg aria-hidden=\"true\" class=\"e-font-icon-svg e-far-image\" viewbox=\"0 0 512 512\" xmlns=\"http:\/\/www.w3.org\/2000\/svg\"><path d=\"M464 64H48C21.49 64 0 85.49 0 112v288c0 26.51 21.49 48 48 48h416c26.51 0 48-21.49 48-48V112c0-26.51-21.49-48-48-48zm-6 336H54a6 6 0 0 1-6-6V118a6 6 0 0 1 6-6h404a6 6 0 0 1 6 6v276a6 6 0 0 1-6 6zM128 152c-22.091 0-40 17.909-40 40s17.909 40 40 40 40-17.909 40-40-17.909-40-40-40zM96 352h320v-80l-87.515-87.515c-4.686-4.686-12.284-4.686-16.971 0L192 304l-39.515-39.515c-4.686-4.686-12.284-4.686-16.971 0L96 304v48z\"><\/path><\/svg>\t\t<\/span>\n\t\t\t\t\t<span class=\"e-n-tab-title-text\">\n\t\t\t\tGalerija\t\t\t<\/span>\n\t\t<\/button>\n\t\t\t\t\t<\/div>\n\t\t\t<div class=\"e-n-tabs-content\">\n\t\t\t\t<div id=\"e-n-tab-content-1111175631\" role=\"tabpanel\" aria-labelledby=\"e-n-tab-title-1111175631\" data-tab-index=\"1\" style=\"--n-tabs-title-order: 1;\" class=\"e-active elementor-element elementor-element-d5d94d4 e-con-full e-flex e-con e-child\" data-id=\"d5d94d4\" data-element_type=\"container\">\n\t\t\t\t<\/div>\n\t\t\t\t\t<\/div>\n\t\t<\/div>\n\t\t\t\t<\/div>\n\t\t\t\t<\/div>\n\t\t\t\t\t<\/div>\n\t\t\t\t<\/div>\n\t\t\t\t<\/div>","protected":false},"excerpt":{"rendered":"<p>Mostarsko prolje\u0107e 2025. Tragovi du\u0161e An\u0111elke Hrka\u0107 zatvorili bogati umjetni\u010dki program Prolje\u0107aIzlo\u017eba Tragovi du\u0161e amaterske slikarice iz \u0160irokog Brijega An\u0111elke Hrka\u0107 zatvorila je bogati umjetni\u010dki program ovogodi\u0161njeg Mostarskog prolje\u0107a u Klubu knjige Ivo Andri\u0107. Po\u010delo je, podsje\u0107amo, veli\u010danstvenom, jedinstvenom izlo\u017ebom iz bogate umjetni\u010dke zbirke Matice Hrvatske (koja je prvi put napustila Dom Matice u Zagrebu) u Muzeju suvremenog [\u2026]<\/p>","protected":false},"author":4,"featured_media":11516,"comment_status":"closed","ping_status":"closed","sticky":false,"template":"","format":"standard","meta":{"footnotes":""},"categories":[142],"tags":[],"class_list":["post-11515","post","type-post","status-publish","format-standard","has-post-thumbnail","hentry","category-vijesti"],"aioseo_notices":[],"_links":{"self":[{"href":"https:\/\/kultura-mostar.ba\/bs\/wp-json\/wp\/v2\/posts\/11515","targetHints":{"allow":["GET"]}}],"collection":[{"href":"https:\/\/kultura-mostar.ba\/bs\/wp-json\/wp\/v2\/posts"}],"about":[{"href":"https:\/\/kultura-mostar.ba\/bs\/wp-json\/wp\/v2\/types\/post"}],"author":[{"embeddable":true,"href":"https:\/\/kultura-mostar.ba\/bs\/wp-json\/wp\/v2\/users\/4"}],"replies":[{"embeddable":true,"href":"https:\/\/kultura-mostar.ba\/bs\/wp-json\/wp\/v2\/comments?post=11515"}],"version-history":[{"count":3,"href":"https:\/\/kultura-mostar.ba\/bs\/wp-json\/wp\/v2\/posts\/11515\/revisions"}],"predecessor-version":[{"id":11521,"href":"https:\/\/kultura-mostar.ba\/bs\/wp-json\/wp\/v2\/posts\/11515\/revisions\/11521"}],"wp:featuredmedia":[{"embeddable":true,"href":"https:\/\/kultura-mostar.ba\/bs\/wp-json\/wp\/v2\/media\/11516"}],"wp:attachment":[{"href":"https:\/\/kultura-mostar.ba\/bs\/wp-json\/wp\/v2\/media?parent=11515"}],"wp:term":[{"taxonomy":"category","embeddable":true,"href":"https:\/\/kultura-mostar.ba\/bs\/wp-json\/wp\/v2\/categories?post=11515"},{"taxonomy":"post_tag","embeddable":true,"href":"https:\/\/kultura-mostar.ba\/bs\/wp-json\/wp\/v2\/tags?post=11515"}],"curies":[{"name":"wp","href":"https:\/\/api.w.org\/{rel}","templated":true}]}}